{"id":1434,"date":"2012-01-11T14:14:23","date_gmt":"2012-01-11T13:14:23","guid":{"rendered":"http:\/\/trenecicos.com\/?p=1434"},"modified":"2021-07-24T20:42:30","modified_gmt":"2021-07-24T20:42:30","slug":"se-aprueba-el-trazado-de-la-lav-burdeos-toulouse-y-vasca","status":"publish","type":"post","link":"https:\/\/www.geotren.es\/blog\/se-aprueba-el-trazado-de-la-lav-burdeos-toulouse-y-vasca\/","title":{"rendered":"Se aprueba el trazado de  la LAV Burdeos &#8211; Toulouse &#8211; Y Vasca"},"content":{"rendered":"\n<p><strong><span style=\"color:#a30004\" class=\"has-inline-color\">{NOTA 2021: Nunca se supo nada m\u00e1s de esto&#8230;. }<\/span><\/strong><\/p>\n\n\n\n<p><\/p>\n\n\n\n<p>Se acaba de aprobar el trazado de la LAV entre Burdeos , Toulouse y la Y vasca. Este trazado tiene que ser declarado de inter\u00e9s p\u00fablico en el 2014, para iniciar las obras en el 2017. Con este trazado, se completar\u00eda la red de alta velocidad entre Madrid y Lisboa, con Par\u00eds, ya que desde Burdeos hacia el norte se acaba de adjudicar la construcci\u00f3n de la LAV que conectar\u00e1 con Par\u00eds (Tours &#8211; Burdeos)<\/p>\n\n\n\n<p>La conexi\u00f3n entre la Y vasca y la l\u00ednea francesa, se realizar\u00e1 desde la localidad vasca de Biriatou, para llegar a otra Y , de la cual partir\u00e1 la LAV hacia Toulouse:<\/p>\n\n\n\n<p><strong>Pulsar sobre la imagen para ver en tama\u00f1o gran (9 MBytes)<\/strong><\/p>\n\n\n\n<figure class=\"wp-block-image\"><a href=\"http:\/\/img267.imageshack.us\/img267\/4528\/franciak.jpg\" target=\"_blank\" rel=\"noopener\"><img decoding=\"async\" src=\"http:\/\/img718.imageshack.us\/img718\/1710\/franciac.jpg\" alt=\"\"\/><\/a><\/figure>\n\n\n\n<p>La noticia al respecto, del Diario del Pueblo Vasco:<\/p>\n\n\n<iframe loading=\"lazy\" class=\"scribd_iframe_embed\" src=\"https:\/\/www.scribd.com\/embeds\/77897217\/content?start_page=1&view_mode=list&access_key=key-1za0glj8xgngpzzimqgk\"  data-auto-height=\"true\" scrolling=\"no\" id=\"scribd_77897217\" width=\"100%\" height=\"500\" frameborder=\"0\"><\/iframe>\n\t\t<div style=\"font-size:10px;text-align:center;width:100%\"><a href=\"https:\/\/www.scribd.com\/doc\/77897217\" rel=\"noopener noreferrer\" target=\"_blank\">Ver este documento en Scribd<\/a><\/div>\n\n\n\n<p class=\"has-text-align-center\">&nbsp;<\/p>\n<div id=\"geotr-170861875\" class=\"geotr-despues-del-contenido geotr-entity-placement\"><script async src=\"\/\/pagead2.googlesyndication.com\/pagead\/js\/adsbygoogle.js?client=ca-pub-8138993744528361\" crossorigin=\"anonymous\"><\/script><ins class=\"adsbygoogle\" style=\"display:inline-block;width:728px;height:90px;\" \ndata-ad-client=\"ca-pub-8138993744528361\" \ndata-ad-slot=\"7686718005\"><\/ins> \n<script> \n(adsbygoogle = window.adsbygoogle || []).push({}); \n<\/script>\n<\/div>","protected":false},"excerpt":{"rendered":"<p>{NOTA 2021: Nunca se supo nada m\u00e1s de esto&#8230;. } Se acaba de aprobar el trazado de la LAV entre Burdeos , Toulouse y la Y vasca. Este trazado tiene que ser declarado de inter\u00e9s p\u00fablico en el 2014, para iniciar las obras en el 2017. Con este trazado, se completar\u00eda la red de alta [&hellip;]<\/p>\n","protected":false},"author":1,"featured_media":0,"comment_status":"open","ping_status":"open","sticky":false,"template":"","format":"standard","meta":{"jetpack_post_was_ever_published":false,"_jetpack_newsletter_access":"","_jetpack_dont_email_post_to_subs":false,"_jetpack_newsletter_tier_id":0,"_jetpack_memberships_contains_paywalled_content":false,"_jetpack_memberships_contains_paid_content":false,"footnotes":"","jetpack_publicize_message":"","jetpack_publicize_feature_enabled":true,"jetpack_social_post_already_shared":false,"jetpack_social_options":{"image_generator_settings":{"template":"highway","default_image_id":0,"font":"","enabled":false},"version":2}},"categories":[33,113],"tags":[569,381,382,570,138,411,50],"class_list":["post-1434","post","type-post","status-publish","format-standard","hentry","category-estudio-informativo-infraestructuras","category-internacional","tag-biarriz","tag-burdeos","tag-dax","tag-donosti","tag-francia","tag-guipuzcoa","tag-y-vasca"],"jetpack_publicize_connections":[],"jetpack_featured_media_url":"","jetpack_shortlink":"https:\/\/wp.me\/p2aP3A-n8","jetpack_sharing_enabled":true,"jetpack_likes_enabled":true,"_links":{"self":[{"href":"https:\/\/www.geotren.es\/blog\/wp-json\/wp\/v2\/posts\/1434","targetHints":{"allow":["GET"]}}],"collection":[{"href":"https:\/\/www.geotren.es\/blog\/wp-json\/wp\/v2\/posts"}],"about":[{"href":"https:\/\/www.geotren.es\/blog\/wp-json\/wp\/v2\/types\/post"}],"author":[{"embeddable":true,"href":"https:\/\/www.geotren.es\/blog\/wp-json\/wp\/v2\/users\/1"}],"replies":[{"embeddable":true,"href":"https:\/\/www.geotren.es\/blog\/wp-json\/wp\/v2\/comments?post=1434"}],"version-history":[{"count":1,"href":"https:\/\/www.geotren.es\/blog\/wp-json\/wp\/v2\/posts\/1434\/revisions"}],"predecessor-version":[{"id":8510,"href":"https:\/\/www.geotren.es\/blog\/wp-json\/wp\/v2\/posts\/1434\/revisions\/8510"}],"wp:attachment":[{"href":"https:\/\/www.geotren.es\/blog\/wp-json\/wp\/v2\/media?parent=1434"}],"wp:term":[{"taxonomy":"category","embeddable":true,"href":"https:\/\/www.geotren.es\/blog\/wp-json\/wp\/v2\/categories?post=1434"},{"taxonomy":"post_tag","embeddable":true,"href":"https:\/\/www.geotren.es\/blog\/wp-json\/wp\/v2\/tags?post=1434"}],"curies":[{"name":"wp","href":"https:\/\/api.w.org\/{rel}","templated":true}]}}