{"id":2301,"date":"2012-02-14T13:43:22","date_gmt":"2012-02-14T13:43:22","guid":{"rendered":"http:\/\/www.geotren.es\/blog\/?p=2301"},"modified":"2021-07-24T21:46:59","modified_gmt":"2021-07-24T21:46:59","slug":"lav-a-extremadura-fotografias-del-tunel-de-grimaldo","status":"publish","type":"post","link":"https:\/\/www.geotren.es\/blog\/lav-a-extremadura-fotografias-del-tunel-de-grimaldo\/","title":{"rendered":"LAV a Extremadura: Fotograf\u00edas del T\u00fanel de Grimaldo"},"content":{"rendered":"\n<p>En la zona norte de C\u00e1ceres, cerca de localidad de Grimaldo y Casas de Mill\u00e1n, se est\u00e1 construyendo el t\u00fanel de Grimaldo de la LAV de Madrid a Extremadura y Lisboa. En las siguientes fotograf\u00edas de Bing (Microsoft) son visibles las obras de las bocas del dicho t\u00fanel:<\/p>\n\n\n\n<figure data-wp-context=\"{&quot;imageId&quot;:&quot;69f5297d6391a&quot;}\" data-wp-interactive=\"core\/image\" data-wp-key=\"69f5297d6391a\" class=\"wp-block-image wp-lightbox-container\"><img decoding=\"async\" data-wp-class--hide=\"state.isContentHidden\" data-wp-class--show=\"state.isContentVisible\" data-wp-init=\"callbacks.setButtonStyles\" data-wp-on--click=\"actions.showLightbox\" data-wp-on--load=\"callbacks.setButtonStyles\" data-wp-on-window--resize=\"callbacks.setButtonStyles\" src=\"http:\/\/img207.imageshack.us\/img207\/6383\/capturadepantalla201202.jpg \" alt=\"\"\/><button\n\t\t\tclass=\"lightbox-trigger\"\n\t\t\ttype=\"button\"\n\t\t\taria-haspopup=\"dialog\"\n\t\t\taria-label=\"Agrandar\"\n\t\t\tdata-wp-init=\"callbacks.initTriggerButton\"\n\t\t\tdata-wp-on--click=\"actions.showLightbox\"\n\t\t\tdata-wp-style--right=\"state.imageButtonRight\"\n\t\t\tdata-wp-style--top=\"state.imageButtonTop\"\n\t\t>\n\t\t\t<svg xmlns=\"http:\/\/www.w3.org\/2000\/svg\" width=\"12\" height=\"12\" fill=\"none\" viewBox=\"0 0 12 12\">\n\t\t\t\t<path fill=\"#fff\" d=\"M2 0a2 2 0 0 0-2 2v2h1.5V2a.5.5 0 0 1 .5-.5h2V0H2Zm2 10.5H2a.5.5 0 0 1-.5-.5V8H0v2a2 2 0 0 0 2 2h2v-1.5ZM8 12v-1.5h2a.5.5 0 0 0 .5-.5V8H12v2a2 2 0 0 1-2 2H8Zm2-12a2 2 0 0 1 2 2v2h-1.5V2a.5.5 0 0 0-.5-.5H8V0h2Z\" \/>\n\t\t\t<\/svg>\n\t\t<\/button><\/figure>\n\n\n\n<p>Esta es la boca sur del t\u00fanel en la zona de Casas de Mill\u00e1n:<\/p>\n\n\n\n<figure data-wp-context=\"{&quot;imageId&quot;:&quot;69f5297d63ca5&quot;}\" data-wp-interactive=\"core\/image\" data-wp-key=\"69f5297d63ca5\" class=\"wp-block-image wp-lightbox-container\"><img decoding=\"async\" data-wp-class--hide=\"state.isContentHidden\" data-wp-class--show=\"state.isContentVisible\" data-wp-init=\"callbacks.setButtonStyles\" data-wp-on--click=\"actions.showLightbox\" data-wp-on--load=\"callbacks.setButtonStyles\" data-wp-on-window--resize=\"callbacks.setButtonStyles\" src=\"http:\/\/img442.imageshack.us\/img442\/6383\/capturadepantalla201202.jpg \" alt=\"\"\/><button\n\t\t\tclass=\"lightbox-trigger\"\n\t\t\ttype=\"button\"\n\t\t\taria-haspopup=\"dialog\"\n\t\t\taria-label=\"Agrandar\"\n\t\t\tdata-wp-init=\"callbacks.initTriggerButton\"\n\t\t\tdata-wp-on--click=\"actions.showLightbox\"\n\t\t\tdata-wp-style--right=\"state.imageButtonRight\"\n\t\t\tdata-wp-style--top=\"state.imageButtonTop\"\n\t\t>\n\t\t\t<svg xmlns=\"http:\/\/www.w3.org\/2000\/svg\" width=\"12\" height=\"12\" fill=\"none\" viewBox=\"0 0 12 12\">\n\t\t\t\t<path fill=\"#fff\" d=\"M2 0a2 2 0 0 0-2 2v2h1.5V2a.5.5 0 0 1 .5-.5h2V0H2Zm2 10.5H2a.5.5 0 0 1-.5-.5V8H0v2a2 2 0 0 0 2 2h2v-1.5ZM8 12v-1.5h2a.5.5 0 0 0 .5-.5V8H12v2a2 2 0 0 1-2 2H8Zm2-12a2 2 0 0 1 2 2v2h-1.5V2a.5.5 0 0 0-.5-.5H8V0h2Z\" \/>\n\t\t\t<\/svg>\n\t\t<\/button><\/figure>\n\n\n\n<p>Y esta es la boca norte del t\u00fanel.<br><img loading=\"lazy\" decoding=\"async\" class=\"alignnone\" src=\"http:\/\/img6.imageshack.us\/img6\/6299\/capturadepantalla201202p.jpg \" alt=\"\" width=\"1267\" height=\"807\"><\/p>\n\n\n\n<p>Y en la zona sur del t\u00fanel es perfectamente visible la plataforma en la zona de Ca\u00f1averal.<br><img loading=\"lazy\" decoding=\"async\" class=\"alignnone\" src=\"http:\/\/img254.imageshack.us\/img254\/1461\/capturadepantalla201202q.jpg \" alt=\"\" width=\"1133\" height=\"819\"><\/p>\n\n\n\n<p>Para enlazar con la zona de los enormes viaductos de Ca\u00f1averal sobre el Tajo y el R\u00edo Almonte.<br><img loading=\"lazy\" decoding=\"async\" class=\"alignnone\" src=\"http:\/\/img12.imageshack.us\/img12\/5660\/capturadepantalla201202k.jpg \" alt=\"\" width=\"948\" height=\"834\"><\/p>\n\n\n<div id=\"geotr-3836214945\" class=\"geotr-despues-del-contenido geotr-entity-placement\"><script async src=\"\/\/pagead2.googlesyndication.com\/pagead\/js\/adsbygoogle.js?client=ca-pub-8138993744528361\" crossorigin=\"anonymous\"><\/script><ins class=\"adsbygoogle\" style=\"display:inline-block;width:728px;height:90px;\" \ndata-ad-client=\"ca-pub-8138993744528361\" \ndata-ad-slot=\"7686718005\"><\/ins> \n<script> \n(adsbygoogle = window.adsbygoogle || []).push({}); \n<\/script>\n<\/div>","protected":false},"excerpt":{"rendered":"<p>En la zona norte de C\u00e1ceres, cerca de localidad de Grimaldo y Casas de Mill\u00e1n, se est\u00e1 construyendo el t\u00fanel de Grimaldo de la LAV de Madrid a Extremadura y Lisboa. En las siguientes fotograf\u00edas de Bing (Microsoft) son visibles las obras de las bocas del dicho t\u00fanel: Esta es la boca sur del t\u00fanel [&hellip;]<\/p>\n","protected":false},"author":1,"featured_media":0,"comment_status":"open","ping_status":"open","sticky":false,"template":"","format":"standard","meta":{"jetpack_post_was_ever_published":false,"_jetpack_newsletter_access":"","_jetpack_dont_email_post_to_subs":false,"_jetpack_newsletter_tier_id":0,"_jetpack_memberships_contains_paywalled_content":false,"_jetpack_memberships_contains_paid_content":false,"footnotes":"","jetpack_publicize_message":"","jetpack_publicize_feature_enabled":true,"jetpack_social_post_already_shared":false,"jetpack_social_options":{"image_generator_settings":{"template":"highway","default_image_id":0,"font":"","enabled":false},"version":2}},"categories":[29],"tags":[12,639,640,39,641],"class_list":["post-2301","post","type-post","status-publish","format-standard","hentry","category-fotografias-de-obras","tag-alta-velocidad","tag-canaveral","tag-casas-de-millan","tag-extremadura","tag-grimaldo"],"jetpack_publicize_connections":[],"jetpack_featured_media_url":"","jetpack_shortlink":"https:\/\/wp.me\/p2aP3A-B7","jetpack_sharing_enabled":true,"jetpack_likes_enabled":true,"_links":{"self":[{"href":"https:\/\/www.geotren.es\/blog\/wp-json\/wp\/v2\/posts\/2301","targetHints":{"allow":["GET"]}}],"collection":[{"href":"https:\/\/www.geotren.es\/blog\/wp-json\/wp\/v2\/posts"}],"about":[{"href":"https:\/\/www.geotren.es\/blog\/wp-json\/wp\/v2\/types\/post"}],"author":[{"embeddable":true,"href":"https:\/\/www.geotren.es\/blog\/wp-json\/wp\/v2\/users\/1"}],"replies":[{"embeddable":true,"href":"https:\/\/www.geotren.es\/blog\/wp-json\/wp\/v2\/comments?post=2301"}],"version-history":[{"count":1,"href":"https:\/\/www.geotren.es\/blog\/wp-json\/wp\/v2\/posts\/2301\/revisions"}],"predecessor-version":[{"id":8542,"href":"https:\/\/www.geotren.es\/blog\/wp-json\/wp\/v2\/posts\/2301\/revisions\/8542"}],"wp:attachment":[{"href":"https:\/\/www.geotren.es\/blog\/wp-json\/wp\/v2\/media?parent=2301"}],"wp:term":[{"taxonomy":"category","embeddable":true,"href":"https:\/\/www.geotren.es\/blog\/wp-json\/wp\/v2\/categories?post=2301"},{"taxonomy":"post_tag","embeddable":true,"href":"https:\/\/www.geotren.es\/blog\/wp-json\/wp\/v2\/tags?post=2301"}],"curies":[{"name":"wp","href":"https:\/\/api.w.org\/{rel}","templated":true}]}}