{"id":2381,"date":"2012-03-01T10:03:49","date_gmt":"2012-03-01T10:03:49","guid":{"rendered":"http:\/\/www.geotren.es\/blog\/?p=2381"},"modified":"2021-07-25T05:46:15","modified_gmt":"2021-07-25T05:46:15","slug":"autovia-a-7-novedades-en-tarragona","status":"publish","type":"post","link":"https:\/\/www.geotren.es\/blog\/autovia-a-7-novedades-en-tarragona\/","title":{"rendered":"Autov\u00eda A-7: Novedades en Tarragona"},"content":{"rendered":"<p style=\"text-align: justify;\">Se acaba de \u00a0poner en servicio el tramo de la autov\u00eda sin peaje A-7 entre Vandell\u00f3s y Hospitalet del Infant, del que ser\u00eda \u00abCorredor Mediterr\u00e1neo viario\u00bb a realizar mediante autov\u00eda sin peaje.<\/p>\n<iframe loading=\"lazy\" class=\"scribd_iframe_embed\" src=\"https:\/\/www.scribd.com\/embeds\/83305812\/content?start_page=1&view_mode=list&access_key=key-1u8fn02kkanjyue2gisg\"  data-auto-height=\"true\" scrolling=\"no\" id=\"scribd_83305812\" width=\"100%\" height=\"500\" frameborder=\"0\"><\/iframe>\n\t\t<div style=\"font-size:10px;text-align:center;width:100%\"><a href=\"https:\/\/www.scribd.com\/doc\/83305812\" rel=\"noopener noreferrer\" target=\"_blank\">Ver este documento en Scribd<\/a><\/div>\n<p>Por lo que en la zona la Red de Autov\u00edas queda de la siguiente manera:<\/p>\n<p><img loading=\"lazy\" decoding=\"async\" class=\"alignnone\" src=\"http:\/\/img94.imageshack.us\/img94\/1108\/capturadepantalla201203.jpg\" alt=\"\" width=\"565\" height=\"984\" \/><\/p>\n<p><img loading=\"lazy\" decoding=\"async\" class=\"alignnone\" src=\"http:\/\/img442.imageshack.us\/img442\/1108\/capturadepantalla201203.jpg\" alt=\"\" width=\"1125\" height=\"856\" \/><\/p>\n<p style=\"text-align: justify;\">Hay que recordar que de la nueva autov\u00eda A-7 como alternativa a la existente AP-7, los subtramos restantes est\u00e1n en el siguiente estado, desde Algeciras hasta la conexi\u00f3n con la autov\u00eda A-2 en Ma\u00e7anet de la Selva:<\/p>\n<p><span style=\"color: #cc99ff;\"><strong>a) A-7 Variante de Algeciras: DIA aprobada, pendiente de licitaci\u00f3n de la redacci\u00f3n de proyecto.<\/strong><\/span><\/p>\n<p><span style=\"color: #0000ff;\"><strong>b) Algeciras &#8211; Tamaray ( cerca de Salobre\u00f1a ) \u00a0: En Servicio<\/strong><\/span><\/p>\n<p><strong><span style=\"color: #ff0000;\">c) Tamaray ( cerca de Salobre\u00f1a )\u00a0&#8211; Lobres ( Granada ) : En obra<\/span><\/strong><\/p>\n<p><span style=\"color: #0000ff;\"><strong>d) Lobres ( Granada ) \u00a0&#8211; La Gorgoracha: En Servicio<\/strong><\/span><\/p>\n<p><strong><span style=\"color: #ff0000;\">e) La Gorgoracha &#8211; Castell de Ferro: En Obra<\/span><\/strong><\/p>\n<p><strong><span style=\"color: #0000ff;\">f) Castell de Ferro &#8211; Polopos ( Granada ) : En servicio<\/span><\/strong><\/p>\n<p><strong><span style=\"color: #ff0000;\">g) Polopos &#8211; La Rabita : En Obra<\/span><\/strong><\/p>\n<p><strong><span style=\"color: #0000ff;\">h) La Rabita \u00a0( Granada ) &#8211; Vilanova ( Castell\u00f3n ) : En servicio<\/span><\/strong><\/p>\n<p><strong><span style=\"color: #993300;\">i) Vilanova ( Castell\u00f3n ) &#8211; La Jana ( Castell\u00f3n ) : En proyecto constructivo<\/span><\/strong><\/p>\n<p><strong><span style=\"color: #008000;\">j) La Jana ( Castell\u00f3n ) &#8211; Vandell\u00f3s ( Tarragona ) : Pendiente de DIA.<\/span><\/strong><\/p>\n<p><strong><span style=\"color: #0000ff;\">k) Vandell\u00f3s &#8211; Altafulla : En Servicio<\/span><\/strong><\/p>\n<p><strong><span style=\"color: #cc99ff;\">l) Altafulla &#8211; Villafranca del Pened\u00e9s ( Barcelona ) :\u00a0DIA aprobada, pendiente de licitaci\u00f3n de la redacci\u00f3n de proyecto.<\/span><\/strong><\/p>\n<p><strong><span style=\"color: #008000;\">m)\u00a0\u00a0Villafranca del Pened\u00e9s ( Barcelona ) &#8211; Abrera: Pendiente de DIA.<\/span><\/strong><\/p>\n<p><strong><span style=\"color: #0000ff;\">n) Abrera &#8211; Tarrasa : En servicio parcial.<\/span><\/strong><\/p>\n<p><span style=\"color: #008000;\"><strong>\u00f1) Tarrasa &#8211; Granollers: \u00a0Pendiente de DIA<\/strong><\/span><\/p>\n<p><strong><span style=\"color: #ffcc00;\">o) Granollers &#8211; Ma\u00e7anet de la Selva ( Futura A-2 ) : Estudio de Viabilidad.<\/span><\/strong><\/p>\n<div><\/div>\n<div id=\"geotr-3969209073\" class=\"geotr-despues-del-contenido geotr-entity-placement\"><script async src=\"\/\/pagead2.googlesyndication.com\/pagead\/js\/adsbygoogle.js?client=ca-pub-8138993744528361\" crossorigin=\"anonymous\"><\/script><ins class=\"adsbygoogle\" style=\"display:inline-block;width:728px;height:90px;\" \ndata-ad-client=\"ca-pub-8138993744528361\" \ndata-ad-slot=\"7686718005\"><\/ins> \n<script> \n(adsbygoogle = window.adsbygoogle || []).push({}); \n<\/script>\n<\/div>","protected":false},"excerpt":{"rendered":"<p>Se acaba de \u00a0poner en servicio el tramo de la autov\u00eda sin peaje A-7 entre Vandell\u00f3s y Hospitalet del Infant, del que ser\u00eda \u00abCorredor Mediterr\u00e1neo viario\u00bb a realizar mediante autov\u00eda sin peaje. Por lo que en la zona la Red de Autov\u00edas queda de la siguiente manera: Hay que recordar que de la nueva autov\u00eda [&hellip;]<\/p>\n","protected":false},"author":1,"featured_media":0,"comment_status":"open","ping_status":"open","sticky":false,"template":"","format":"standard","meta":{"jetpack_post_was_ever_published":false,"_jetpack_newsletter_access":"","_jetpack_dont_email_post_to_subs":false,"_jetpack_newsletter_tier_id":0,"_jetpack_memberships_contains_paywalled_content":false,"_jetpack_memberships_contains_paid_content":false,"footnotes":"","jetpack_publicize_message":"","jetpack_publicize_feature_enabled":true,"jetpack_social_post_already_shared":false,"jetpack_social_options":{"image_generator_settings":{"template":"highway","default_image_id":0,"font":"","enabled":false},"version":2}},"categories":[84],"tags":[529,28,227,536,278,38,678,252],"class_list":["post-2381","post","type-post","status-publish","format-standard","hentry","category-autovias","tag-a-7","tag-andalucia","tag-autovia","tag-catalunya","tag-corredor-mediterraneo","tag-murcia","tag-peaje","tag-valencia"],"jetpack_publicize_connections":[],"jetpack_featured_media_url":"","jetpack_shortlink":"https:\/\/wp.me\/p2aP3A-Cp","jetpack_sharing_enabled":true,"jetpack_likes_enabled":true,"_links":{"self":[{"href":"https:\/\/www.geotren.es\/blog\/wp-json\/wp\/v2\/posts\/2381","targetHints":{"allow":["GET"]}}],"collection":[{"href":"https:\/\/www.geotren.es\/blog\/wp-json\/wp\/v2\/posts"}],"about":[{"href":"https:\/\/www.geotren.es\/blog\/wp-json\/wp\/v2\/types\/post"}],"author":[{"embeddable":true,"href":"https:\/\/www.geotren.es\/blog\/wp-json\/wp\/v2\/users\/1"}],"replies":[{"embeddable":true,"href":"https:\/\/www.geotren.es\/blog\/wp-json\/wp\/v2\/comments?post=2381"}],"version-history":[{"count":1,"href":"https:\/\/www.geotren.es\/blog\/wp-json\/wp\/v2\/posts\/2381\/revisions"}],"predecessor-version":[{"id":8563,"href":"https:\/\/www.geotren.es\/blog\/wp-json\/wp\/v2\/posts\/2381\/revisions\/8563"}],"wp:attachment":[{"href":"https:\/\/www.geotren.es\/blog\/wp-json\/wp\/v2\/media?parent=2381"}],"wp:term":[{"taxonomy":"category","embeddable":true,"href":"https:\/\/www.geotren.es\/blog\/wp-json\/wp\/v2\/categories?post=2381"},{"taxonomy":"post_tag","embeddable":true,"href":"https:\/\/www.geotren.es\/blog\/wp-json\/wp\/v2\/tags?post=2381"}],"curies":[{"name":"wp","href":"https:\/\/api.w.org\/{rel}","templated":true}]}}