{"id":2474,"date":"2012-03-23T08:41:32","date_gmt":"2012-03-23T08:41:32","guid":{"rendered":"http:\/\/www.geotren.es\/blog\/?p=2474"},"modified":"2021-07-25T06:01:28","modified_gmt":"2021-07-25T06:01:28","slug":"cercanias-de-barcelona-duplicacion-de-la-linea-costera","status":"publish","type":"post","link":"https:\/\/www.geotren.es\/blog\/cercanias-de-barcelona-duplicacion-de-la-linea-costera\/","title":{"rendered":"Cercan\u00edas de Barcelona: Duplicaci\u00f3n de la l\u00ednea costera ( proyecto olvidado )"},"content":{"rendered":"\n<p>{NOTA 2021: Todo sigue igual&#8230;.. <a href=\"https:\/\/www.elmundo.es\/cataluna\/2019\/11\/17\/5dd1964ffdddff0f9d8b45b5.html\">no ha habido cambios en esta <\/a>duplicaci\u00f3n }<\/p>\n\n\n\n<p><\/p>\n\n\n\n<p>Hace ya unos meses, se licito el Estudio Informativo, para la duplicaci\u00f3n de la actual v\u00eda \u00fanica entre Arenys de Mar y Massanet, actuaci\u00f3n que completar\u00eda la duplicaci\u00f3n de la parte norte del denominado \u00abOcho ferroviario de Barcelona\u00bb:<\/p>\n\n\n<iframe loading=\"lazy\" class=\"scribd_iframe_embed\" src=\"https:\/\/www.scribd.com\/embeds\/86316325\/content?start_page=1&view_mode=list&access_key=key-1ot1i5x2fqsmk7jcrbpu\"  data-auto-height=\"true\" scrolling=\"no\" id=\"scribd_86316325\" width=\"100%\" height=\"500\" frameborder=\"0\"><\/iframe>\n\t\t<div style=\"font-size:10px;text-align:center;width:100%\"><a href=\"https:\/\/www.scribd.com\/doc\/86316325\" rel=\"noopener noreferrer\" target=\"_blank\">Ver este documento en Scribd<\/a><\/div>\n\n\n\n<figure data-wp-context=\"{&quot;imageId&quot;:&quot;69f5578759889&quot;}\" data-wp-interactive=\"core\/image\" data-wp-key=\"69f5578759889\" class=\"wp-block-image wp-lightbox-container\"><img decoding=\"async\" data-wp-class--hide=\"state.isContentHidden\" data-wp-class--show=\"state.isContentVisible\" data-wp-init=\"callbacks.setButtonStyles\" data-wp-on--click=\"actions.showLightbox\" data-wp-on--load=\"callbacks.setButtonStyles\" data-wp-on-window--resize=\"callbacks.setButtonStyles\" src=\"http:\/\/img717.imageshack.us\/img717\/5020\/capturadepantalla201202c.jpg\" alt=\"\"\/><button\n\t\t\tclass=\"lightbox-trigger\"\n\t\t\ttype=\"button\"\n\t\t\taria-haspopup=\"dialog\"\n\t\t\taria-label=\"Agrandar\"\n\t\t\tdata-wp-init=\"callbacks.initTriggerButton\"\n\t\t\tdata-wp-on--click=\"actions.showLightbox\"\n\t\t\tdata-wp-style--right=\"state.imageButtonRight\"\n\t\t\tdata-wp-style--top=\"state.imageButtonTop\"\n\t\t>\n\t\t\t<svg xmlns=\"http:\/\/www.w3.org\/2000\/svg\" width=\"12\" height=\"12\" fill=\"none\" viewBox=\"0 0 12 12\">\n\t\t\t\t<path fill=\"#fff\" d=\"M2 0a2 2 0 0 0-2 2v2h1.5V2a.5.5 0 0 1 .5-.5h2V0H2Zm2 10.5H2a.5.5 0 0 1-.5-.5V8H0v2a2 2 0 0 0 2 2h2v-1.5ZM8 12v-1.5h2a.5.5 0 0 0 .5-.5V8H12v2a2 2 0 0 1-2 2H8Zm2-12a2 2 0 0 1 2 2v2h-1.5V2a.5.5 0 0 0-.5-.5H8V0h2Z\" \/>\n\t\t\t<\/svg>\n\t\t<\/button><\/figure>\n\n\n\n<figure data-wp-context=\"{&quot;imageId&quot;:&quot;69f5578759f2d&quot;}\" data-wp-interactive=\"core\/image\" data-wp-key=\"69f5578759f2d\" class=\"wp-block-image wp-lightbox-container\"><img decoding=\"async\" data-wp-class--hide=\"state.isContentHidden\" data-wp-class--show=\"state.isContentVisible\" data-wp-init=\"callbacks.setButtonStyles\" data-wp-on--click=\"actions.showLightbox\" data-wp-on--load=\"callbacks.setButtonStyles\" data-wp-on-window--resize=\"callbacks.setButtonStyles\" src=\"http:\/\/img811.imageshack.us\/img811\/9553\/capturadepantalla201203w.jpg\" alt=\"\"\/><button\n\t\t\tclass=\"lightbox-trigger\"\n\t\t\ttype=\"button\"\n\t\t\taria-haspopup=\"dialog\"\n\t\t\taria-label=\"Agrandar\"\n\t\t\tdata-wp-init=\"callbacks.initTriggerButton\"\n\t\t\tdata-wp-on--click=\"actions.showLightbox\"\n\t\t\tdata-wp-style--right=\"state.imageButtonRight\"\n\t\t\tdata-wp-style--top=\"state.imageButtonTop\"\n\t\t>\n\t\t\t<svg xmlns=\"http:\/\/www.w3.org\/2000\/svg\" width=\"12\" height=\"12\" fill=\"none\" viewBox=\"0 0 12 12\">\n\t\t\t\t<path fill=\"#fff\" d=\"M2 0a2 2 0 0 0-2 2v2h1.5V2a.5.5 0 0 1 .5-.5h2V0H2Zm2 10.5H2a.5.5 0 0 1-.5-.5V8H0v2a2 2 0 0 0 2 2h2v-1.5ZM8 12v-1.5h2a.5.5 0 0 0 .5-.5V8H12v2a2 2 0 0 1-2 2H8Zm2-12a2 2 0 0 1 2 2v2h-1.5V2a.5.5 0 0 0-.5-.5H8V0h2Z\" \/>\n\t\t\t<\/svg>\n\t\t<\/button><\/figure>\n\n\n\n<p>La apertura de este estudio fue cancelada por la nueva administraci\u00f3n, pero parece ser que se ha decidido no cancelar definitivamente esta licitaci\u00f3n, dando otra fecha de reapertura de ofertas:<\/p>\n\n\n<iframe loading=\"lazy\" class=\"scribd_iframe_embed\" src=\"https:\/\/www.scribd.com\/embeds\/86316329\/content?start_page=1&view_mode=list&access_key=key-18y6hjct55zttdbyu3vd\"  data-auto-height=\"true\" scrolling=\"no\" id=\"scribd_86316329\" width=\"100%\" height=\"500\" frameborder=\"0\"><\/iframe>\n\t\t<div style=\"font-size:10px;text-align:center;width:100%\"><a href=\"https:\/\/www.scribd.com\/doc\/86316329\" rel=\"noopener noreferrer\" target=\"_blank\">Ver este documento en Scribd<\/a><\/div>\n\n\n\n<p>Fecha del 23 de marzo, es decir hoy mismo. Veamos si se adjudica este estudio tan necesario para la mejora de los servicios ferroviarios en esta zona de Catalu\u00f1a.<\/p>\n\n\n<div id=\"geotr-4160911892\" class=\"geotr-despues-del-contenido geotr-entity-placement\"><script async src=\"\/\/pagead2.googlesyndication.com\/pagead\/js\/adsbygoogle.js?client=ca-pub-8138993744528361\" crossorigin=\"anonymous\"><\/script><ins class=\"adsbygoogle\" style=\"display:inline-block;width:728px;height:90px;\" \ndata-ad-client=\"ca-pub-8138993744528361\" \ndata-ad-slot=\"7686718005\"><\/ins> \n<script> \n(adsbygoogle = window.adsbygoogle || []).push({}); \n<\/script>\n<\/div>","protected":false},"excerpt":{"rendered":"<p>{NOTA 2021: Todo sigue igual&#8230;.. no ha habido cambios en esta duplicaci\u00f3n } Hace ya unos meses, se licito el Estudio Informativo, para la duplicaci\u00f3n de la actual v\u00eda \u00fanica entre Arenys de Mar y Massanet, actuaci\u00f3n que completar\u00eda la duplicaci\u00f3n de la parte norte del denominado \u00abOcho ferroviario de Barcelona\u00bb: La apertura de este [&hellip;]<\/p>\n","protected":false},"author":1,"featured_media":0,"comment_status":"open","ping_status":"open","sticky":false,"template":"","format":"standard","meta":{"jetpack_post_was_ever_published":false,"_jetpack_newsletter_access":"","_jetpack_dont_email_post_to_subs":false,"_jetpack_newsletter_tier_id":0,"_jetpack_memberships_contains_paywalled_content":false,"_jetpack_memberships_contains_paid_content":false,"footnotes":"","jetpack_publicize_message":"","jetpack_publicize_feature_enabled":true,"jetpack_social_post_already_shared":false,"jetpack_social_options":{"image_generator_settings":{"template":"highway","default_image_id":0,"font":"","enabled":false},"version":2}},"categories":[19,127,400],"tags":[688,126,458,536,985,689,130],"class_list":["post-2474","post","type-post","status-publish","format-standard","hentry","category-adjudicacion","category-cercanias-de-barcelona","category-licitacion-de-estudio-o-proyecto","tag-arenys-de-mar","tag-barcelona","tag-cataluna","tag-catalunya","tag-cercanias","tag-massanet","tag-rodalies"],"jetpack_publicize_connections":[],"jetpack_featured_media_url":"","jetpack_shortlink":"https:\/\/wp.me\/p2aP3A-DU","jetpack_sharing_enabled":true,"jetpack_likes_enabled":true,"_links":{"self":[{"href":"https:\/\/www.geotren.es\/blog\/wp-json\/wp\/v2\/posts\/2474","targetHints":{"allow":["GET"]}}],"collection":[{"href":"https:\/\/www.geotren.es\/blog\/wp-json\/wp\/v2\/posts"}],"about":[{"href":"https:\/\/www.geotren.es\/blog\/wp-json\/wp\/v2\/types\/post"}],"author":[{"embeddable":true,"href":"https:\/\/www.geotren.es\/blog\/wp-json\/wp\/v2\/users\/1"}],"replies":[{"embeddable":true,"href":"https:\/\/www.geotren.es\/blog\/wp-json\/wp\/v2\/comments?post=2474"}],"version-history":[{"count":2,"href":"https:\/\/www.geotren.es\/blog\/wp-json\/wp\/v2\/posts\/2474\/revisions"}],"predecessor-version":[{"id":8575,"href":"https:\/\/www.geotren.es\/blog\/wp-json\/wp\/v2\/posts\/2474\/revisions\/8575"}],"wp:attachment":[{"href":"https:\/\/www.geotren.es\/blog\/wp-json\/wp\/v2\/media?parent=2474"}],"wp:term":[{"taxonomy":"category","embeddable":true,"href":"https:\/\/www.geotren.es\/blog\/wp-json\/wp\/v2\/categories?post=2474"},{"taxonomy":"post_tag","embeddable":true,"href":"https:\/\/www.geotren.es\/blog\/wp-json\/wp\/v2\/tags?post=2474"}],"curies":[{"name":"wp","href":"https:\/\/api.w.org\/{rel}","templated":true}]}}