{"id":615,"date":"2011-05-13T18:07:49","date_gmt":"2011-05-13T17:07:49","guid":{"rendered":"http:\/\/trenecicos.wordpress.com\/?p=615"},"modified":"2021-07-22T15:19:45","modified_gmt":"2021-07-22T15:19:45","slug":"lav-a-galicia-autorizacion-de-obra","status":"publish","type":"post","link":"https:\/\/www.geotren.es\/blog\/lav-a-galicia-autorizacion-de-obra\/","title":{"rendered":"LAV a Galicia: Autorizaci\u00f3n de obra"},"content":{"rendered":"\n<p>Hace unas semanas publiqu\u00e9 <a rel=\"noopener\" href=\"http:\/\/trenecicos.wordpress.com\/2011\/04\/13\/detalle-de-los-tramos-a-licitar-en-la-lav-de-galicia\/\" target=\"_blank\">en este po<\/a><a href=\"http:\/\/www.geotren.es\/blog\/?p=521\" target=\"_blank\" rel=\"noreferrer noopener\">st,<\/a> un detalle de los tramos en los que se va a organizar la licitaci\u00f3n de la plataforma de la LAV a Galicia dentro del marco de Colaboraci\u00f3n P\u00fablico- Privada CPP, de financiaci\u00f3n de obras p\u00fablicas.<\/p>\n\n\n\n<p>Hoy mismo se acaba de autorizar el primero de los tramos de infraestructura, vinculados de forma encadenada a los contratos ya en licitaci\u00f3n de la superestructura y mantenimiento de la l\u00ednea. Estamos hablando del primer contrato entre el T\u00fanel de A Canda y el T\u00fanel de O Ca\u00f1izo, tramo de 3,7 km, con un t\u00fanel de casi un 1km y par de viadutos.<\/p>\n\n\n\n<p>En el resumen del Consejo de Ministros de hoy mismo, se puede ver el detalle:<\/p>\n\n\n\n<p><a href=\"http:\/\/www.lamoncloa.gob.es\/ConsejodeMinistros\/Referencias\/_2011\/refc20110513.htm#Canda\" target=\"_blank\" rel=\"noopener\">Consejo de Ministros 13\/05\/2011 ( Fomento )<\/a><\/p>\n\n\n\n<p>En la nota de prensa del Ministerio de Fomento se puede ver el detalle de esta autorizaci\u00f3n de obra:<\/p>\n\n\n\n<iframe loading=\"lazy\" class=\"scribd_iframe_embed\" src=\"https:\/\/www.scribd.com\/embeds\/55376736\/content?start_page=1&view_mode=list&access_key=key-ispca5oykgxkkkxbl17\"  data-auto-height=\"true\" scrolling=\"no\" id=\"scribd_55376736\" width=\"100%\" height=\"500\" frameborder=\"0\"><\/iframe>\n\t\t<div style=\"font-size:10px;text-align:center;width:100%\"><a href=\"https:\/\/www.scribd.com\/doc\/55376736\" rel=\"noopener noreferrer\" target=\"_blank\">Ver este documento en Scribd<\/a><\/div>\n\n\n\n<p>Para aclarar la localizaci\u00f3n de esta autorizaci\u00f3n de obra, he realizado el siguiente diagrama, en el que se puede ver pintado el trazado de la LAV a Galicia desde Puebla de Sanabria hasta Ourense, detallando el tipo de actuaci\u00f3n ( ver leyeda ) . Para ver la imagen en tama\u00f1o grande p\u00falsese sobre ella:<\/p>\n\n\n\n<figure class=\"wp-block-image\"><a href=\"http:\/\/img580.imageshack.us\/img580\/3796\/galicia1.jpg\" target=\"_blank\" rel=\"noopener\"><img decoding=\"async\" src=\"http:\/\/img685.imageshack.us\/img685\/5798\/galicia1w.jpg\" alt=\"\"\/><\/a><\/figure>\n\n\n\n<p><\/p>\n\n\n\n<p>&nbsp;<\/p>\n<div id=\"geotr-3266857669\" class=\"geotr-despues-del-contenido geotr-entity-placement\"><script async src=\"\/\/pagead2.googlesyndication.com\/pagead\/js\/adsbygoogle.js?client=ca-pub-8138993744528361\" crossorigin=\"anonymous\"><\/script><ins class=\"adsbygoogle\" style=\"display:inline-block;width:728px;height:90px;\" \ndata-ad-client=\"ca-pub-8138993744528361\" \ndata-ad-slot=\"7686718005\"><\/ins> \n<script> \n(adsbygoogle = window.adsbygoogle || []).push({}); \n<\/script>\n<\/div>","protected":false},"excerpt":{"rendered":"<p>Hace unas semanas publiqu\u00e9 en este post, un detalle de los tramos en los que se va a organizar la licitaci\u00f3n de la plataforma de la LAV a Galicia dentro del marco de Colaboraci\u00f3n P\u00fablico- Privada CPP, de financiaci\u00f3n de obras p\u00fablicas. Hoy mismo se acaba de autorizar el primero de los tramos de infraestructura, [&hellip;]<\/p>\n","protected":false},"author":1,"featured_media":0,"comment_status":"open","ping_status":"open","sticky":false,"template":"","format":"standard","meta":{"jetpack_post_was_ever_published":false,"_jetpack_newsletter_access":"","_jetpack_dont_email_post_to_subs":false,"_jetpack_newsletter_tier_id":0,"_jetpack_memberships_contains_paywalled_content":false,"_jetpack_memberships_contains_paid_content":false,"footnotes":"","jetpack_publicize_message":"","jetpack_publicize_feature_enabled":true,"jetpack_social_post_already_shared":false,"jetpack_social_options":{"image_generator_settings":{"template":"highway","default_image_id":0,"font":"","enabled":false},"version":2}},"categories":[349,16],"tags":[99,12,350,14,351,81,82,103,266,48,352],"class_list":["post-615","post","type-post","status-publish","format-standard","hentry","category-autorizacion-de-obra","category-licitacion-de-obra","tag-a-gudina","tag-alta-velocidad","tag-coruna","tag-galicia","tag-lubian","tag-orense","tag-ourense","tag-puebla-de-sanabria","tag-santiago","tag-vigo","tag-vilavella"],"jetpack_publicize_connections":[],"jetpack_featured_media_url":"","jetpack_shortlink":"https:\/\/wp.me\/p2aP3A-9V","jetpack_sharing_enabled":true,"jetpack_likes_enabled":true,"_links":{"self":[{"href":"https:\/\/www.geotren.es\/blog\/wp-json\/wp\/v2\/posts\/615","targetHints":{"allow":["GET"]}}],"collection":[{"href":"https:\/\/www.geotren.es\/blog\/wp-json\/wp\/v2\/posts"}],"about":[{"href":"https:\/\/www.geotren.es\/blog\/wp-json\/wp\/v2\/types\/post"}],"author":[{"embeddable":true,"href":"https:\/\/www.geotren.es\/blog\/wp-json\/wp\/v2\/users\/1"}],"replies":[{"embeddable":true,"href":"https:\/\/www.geotren.es\/blog\/wp-json\/wp\/v2\/comments?post=615"}],"version-history":[{"count":2,"href":"https:\/\/www.geotren.es\/blog\/wp-json\/wp\/v2\/posts\/615\/revisions"}],"predecessor-version":[{"id":8232,"href":"https:\/\/www.geotren.es\/blog\/wp-json\/wp\/v2\/posts\/615\/revisions\/8232"}],"wp:attachment":[{"href":"https:\/\/www.geotren.es\/blog\/wp-json\/wp\/v2\/media?parent=615"}],"wp:term":[{"taxonomy":"category","embeddable":true,"href":"https:\/\/www.geotren.es\/blog\/wp-json\/wp\/v2\/categories?post=615"},{"taxonomy":"post_tag","embeddable":true,"href":"https:\/\/www.geotren.es\/blog\/wp-json\/wp\/v2\/tags?post=615"}],"curies":[{"name":"wp","href":"https:\/\/api.w.org\/{rel}","templated":true}]}}