{"id":643,"date":"2011-05-17T09:41:44","date_gmt":"2011-05-17T08:41:44","guid":{"rendered":"http:\/\/trenecicos.wordpress.com\/?p=643"},"modified":"2021-07-22T16:54:31","modified_gmt":"2021-07-22T16:54:31","slug":"corredor-de-la-costa-del-sol-tramo-fuengirola-estepona","status":"publish","type":"post","link":"https:\/\/www.geotren.es\/blog\/corredor-de-la-costa-del-sol-tramo-fuengirola-estepona\/","title":{"rendered":"Corredor de la Costa del Sol: Tramo Fuengirola &#8211; Estepona ( Proyecto cancelado)"},"content":{"rendered":"\n<p><span><span><b style=\"color: rgb(255, 0, 0);\">{Nota 2021: Este proyecto est\u00e1 completamente cancelado por la Junta de Andaluc\u00eda que fue el promotor  y s\u00f3lo hay un estudio informativo  por parte de Fomento del cual no se supo nada m\u00e1s ni sali\u00f3 a informaci\u00f3n p\u00fablica. Hemos querido dejar <\/b><font color=\"#ff0000\"><span style=\"caret-color: rgb(255, 0, 0); font-weight: 600;\">todos<\/span><\/font><span><b style=\"color: rgb(255, 0, 0);\"> <\/b><font color=\"#ff0000\"><span style=\"caret-color: rgb(255, 0, 0); font-weight: 600;\">los<\/span><\/font><b style=\"color: rgb(255, 0, 0);\"> <\/b><\/span><b style=\"color: rgb(255, 0, 0);\">detalles de este proy<\/b><span><span><b style=\"color: rgb(255, 0, 0);\">ecto por dos razones. La primera es dejar clara que existe una <\/b><font color=\"#ff0000\"><span style=\"caret-color: rgb(255, 0, 0); font-weight: 600;\">necesidad<\/span><\/font><\/span><b style=\"color: rgb(255, 0, 0);\"> imperiosa de una soluci\u00f3n de movilidad para esta importante zona de M\u00e1laga, y <\/b><\/span><\/span><\/span><b style=\"color: rgb(255, 0, 0);\"><span style=\"text-decoration: underline;\">la segunda la enorme <\/span><\/b><font color=\"#ff0000\"><span style=\"text-decoration: underline;\">complejidad<\/span><\/font><b style=\"color: rgb(255, 0, 0);\"><span style=\"text-decoration: underline;\"> t\u00e9cnica y financiera que ello conlleva<\/span><\/b><span><span><span><b style=\"color: rgb(255, 0, 0);\">}<\/b><\/span><\/span><\/span><\/p>\n\n\n\n<p>La costa del sol es una de las zonas con mayor densidad de habitantes de toda Espa\u00f1a y con una de las mayores necesidad de movilidad del Pa\u00eds, con densidades superiores a los 1000 habitantes por km2, y con gran importancia estrat\u00e9gica para el turismo:<\/p>\n\n\n\n<figure data-wp-context=\"{&quot;imageId&quot;:&quot;69f5575870c9d&quot;}\" data-wp-interactive=\"core\/image\" data-wp-key=\"69f5575870c9d\" class=\"wp-block-image wp-lightbox-container\"><img decoding=\"async\" data-wp-class--hide=\"state.isContentHidden\" data-wp-class--show=\"state.isContentVisible\" data-wp-init=\"callbacks.setButtonStyles\" data-wp-on--click=\"actions.showLightbox\" data-wp-on--load=\"callbacks.setButtonStyles\" data-wp-on-window--resize=\"callbacks.setButtonStyles\" src=\"http:\/\/img706.imageshack.us\/img706\/1552\/malagadensidadpoblacion.jpg\" alt=\"\"\/><button\n\t\t\tclass=\"lightbox-trigger\"\n\t\t\ttype=\"button\"\n\t\t\taria-haspopup=\"dialog\"\n\t\t\taria-label=\"Agrandar\"\n\t\t\tdata-wp-init=\"callbacks.initTriggerButton\"\n\t\t\tdata-wp-on--click=\"actions.showLightbox\"\n\t\t\tdata-wp-style--right=\"state.imageButtonRight\"\n\t\t\tdata-wp-style--top=\"state.imageButtonTop\"\n\t\t>\n\t\t\t<svg xmlns=\"http:\/\/www.w3.org\/2000\/svg\" width=\"12\" height=\"12\" fill=\"none\" viewBox=\"0 0 12 12\">\n\t\t\t\t<path fill=\"#fff\" d=\"M2 0a2 2 0 0 0-2 2v2h1.5V2a.5.5 0 0 1 .5-.5h2V0H2Zm2 10.5H2a.5.5 0 0 1-.5-.5V8H0v2a2 2 0 0 0 2 2h2v-1.5ZM8 12v-1.5h2a.5.5 0 0 0 .5-.5V8H12v2a2 2 0 0 1-2 2H8Zm2-12a2 2 0 0 1 2 2v2h-1.5V2a.5.5 0 0 0-.5-.5H8V0h2Z\" \/>\n\t\t\t<\/svg>\n\t\t<\/button><\/figure>\n\n\n\n<p>En este post se va a mostrar el detalle del tramo Fuengirola Estepona, dise\u00f1ado y en construcci\u00f3n por la Junta de Andaluc\u00eda. Hay que recordar que el tramo de Fuengirola a M\u00e1laga tiene en la actualidad una v\u00eda parcialmente &nbsp;doble electrificada para servicios de Cercan\u00edas, y que adem\u00e1s existe por parte del Ministerio de Fomento la redacci\u00f3n de un Estudio Informativo para la conexi\u00f3n de la LAV de M\u00e1laga hasta Fuengirola. A parte de esto no hay que olvidar la existencia de un EI desde M\u00e1laga a Nerja por parte de la Junta de Andaluc\u00eda y &nbsp;la redacci\u00f3n de un EI entre Estepona y Algeciras por parte de Fomento.<\/p>\n\n\n\n<p>El tramo de este post ( Fuengirola-Estepona) , como se podr\u00e1 ver a continuaci\u00f3n, es una obra realmente compleja en cuanto es en su mayor\u00eda soterrada. La estaciones con las que va a contar son las siguientes:<\/p>\n\n\n\n<ul class=\"wp-block-list\"><li><strong>Estepona Oeste&nbsp;&nbsp;( Subterr\u00e1nea )&nbsp;<\/strong><\/li><li><strong>Estepona ( En Superficie )&nbsp;<\/strong><\/li><li><strong>Benamara&nbsp;&nbsp;( Subterr\u00e1nea )&nbsp;<\/strong><\/li><li><strong>San Pedro de Alc\u00e1ntara&nbsp;&nbsp;( Subterr\u00e1nea )&nbsp;<\/strong><\/li><li><strong>Puerto Ban\u00fas&nbsp;&nbsp;( Subterr\u00e1nea )&nbsp;<\/strong><\/li><li><strong>Marbella Oeste&nbsp;&nbsp;( Subterr\u00e1nea )&nbsp;<\/strong><\/li><li><strong>Marbella&nbsp;&nbsp;( Subterr\u00e1nea )&nbsp;<\/strong><\/li><li><strong>Los Monteros&nbsp;( Subterr\u00e1nea )&nbsp;<\/strong><\/li><li><strong>Las Dunas&nbsp;( Subterr\u00e1nea )&nbsp;<\/strong><\/li><li><strong>Calahonda&nbsp;( Subterr\u00e1nea )&nbsp;<\/strong><\/li><li><strong>Cala de Mijas&nbsp;( Subterr\u00e1nea )&nbsp;<\/strong><\/li><li><strong>Fuengirola ( Subterr\u00e1nea )&nbsp;<\/strong><\/li><\/ul>\n\n\n\n<p>Como he indicado anteriormente la mayor\u00eda del trazado est\u00e1 realizado mediante t\u00fanel, que evite las ya saturadas zonas urbanas que atraviesa. Seg\u00fan el estudio informativo aprobado, se plantea la construcci\u00f3n de 13 t\u00faneles. No indico si la construcci\u00f3n es en bitubo o monotubo<\/p>\n\n\n\n<div>\n<ul>\n<li><strong>Tunel 1: Fuengirola &#8211; Hip\u00f3dromo: 3680 metros<\/strong><\/li>\n<li><strong>T\u00fanel 2: Hip\u00f3dromo &#8211; Cala Mijas: 2450 metros &nbsp;&lt;&#8212;- Este tramo es el \u00fanico que est\u00e1 en obra adjudicada.<\/strong><\/li>\n<li><strong>T\u00fanel 3: Cala de Mijas &nbsp;&#8211; Calahonda: 5075 metros<\/strong><\/li>\n<li><strong>T\u00fanel 4: Calahonda &#8211; Las Dunas: 2495 metros<\/strong><\/li>\n<li><strong>T\u00fanel 5: Las Dunas &#8211; viaducto de Marbella Golf: 4200 metros<\/strong><\/li>\n<li><strong>T\u00fanel 6: Los Monteros &#8211; Marbella: 3952 metros<\/strong><\/li>\n<li><strong>T\u00fanel 7: Marbella &#8211; Marbella Oeste: 2193 metros<\/strong><\/li>\n<li><strong>T\u00fanel 8: Marbella Oeste &#8211; Puerto Ban\u00fas: 5150 metros<\/strong><\/li>\n<li><strong>T\u00fanel 9: Puerto Ban\u00fas- San Pedro de Alc\u00e1ntara: 2935 metros<\/strong><\/li>\n<li><strong>T\u00fanel 10: San Pedro de Alc\u00e1ntara &#8211; Benamara: 3755 metros<\/strong><\/li>\n<li><strong>T\u00fanel 11: Benamara &#8211; R\u00edo Guadalmansa: 3315 metros<\/strong><\/li>\n<li><strong>T\u00fanel 12: Rio Guadalmansa &#8211; R\u00edo Veler\u00edn: 2050 metros<\/strong><\/li>\n<li><strong>T\u00fanel 13: Estepona &#8211; Estepona Oeste: 1450 metros<\/strong><\/li>\n<\/ul>\n<div>Lo que hace un total de<strong> 42.700<\/strong> metros de t\u00fanel.<\/div>\n<\/div>\n\n\n\n<div>A parte de esto se van a construir lo siguientes viaductos:<\/div>\n\n\n\n<div>\n<ul>\n<li><strong>Viaducto 1: Los Monteros: 30 metros<\/strong><\/li>\n<li><strong>Viaducto 2: Rio Guadalmansa: 150 metros<\/strong><\/li>\n<li><strong>Viaducto 3: Rio Veler\u00edn: 90 metros<\/strong><\/li>\n<li><strong>Viaducto 4: Rio Castor: 150 metros<\/strong><\/li>\n<li><strong>Viaducto 5: Arroyo del Padr\u00f3n: 180 metros<\/strong><\/li>\n<li><strong>Viaducto 6: Rio Cala: 60 metros<\/strong><\/li>\n<\/ul>\n<\/div>\n\n\n\n<div>Vamos a ver el desarrollo de este proyecto en los siguientes diagramas, en los que se puede ver el tipo de actuaci\u00f3n ( amarillo: t\u00fanel; azul: sobre terreno; rosa: viaducto ). Empezando por Fuengirola imagen a imagen hasta llegar a Estepona:<\/div>\n\n\n\n<p>Empezando en Fuengirola:<\/p>\n\n\n\n<figure data-wp-context=\"{&quot;imageId&quot;:&quot;69f5575871382&quot;}\" data-wp-interactive=\"core\/image\" data-wp-key=\"69f5575871382\" class=\"wp-block-image size-large wp-lightbox-container\"><img decoding=\"async\" data-wp-class--hide=\"state.isContentHidden\" data-wp-class--show=\"state.isContentVisible\" data-wp-init=\"callbacks.setButtonStyles\" data-wp-on--click=\"actions.showLightbox\" data-wp-on--load=\"callbacks.setButtonStyles\" data-wp-on-window--resize=\"callbacks.setButtonStyles\" src=\"https:\/\/imagizer.imageshack.com\/img924\/1875\/FHIv48.png\" alt=\"\"\/><button\n\t\t\tclass=\"lightbox-trigger\"\n\t\t\ttype=\"button\"\n\t\t\taria-haspopup=\"dialog\"\n\t\t\taria-label=\"Agrandar\"\n\t\t\tdata-wp-init=\"callbacks.initTriggerButton\"\n\t\t\tdata-wp-on--click=\"actions.showLightbox\"\n\t\t\tdata-wp-style--right=\"state.imageButtonRight\"\n\t\t\tdata-wp-style--top=\"state.imageButtonTop\"\n\t\t>\n\t\t\t<svg xmlns=\"http:\/\/www.w3.org\/2000\/svg\" width=\"12\" height=\"12\" fill=\"none\" viewBox=\"0 0 12 12\">\n\t\t\t\t<path fill=\"#fff\" d=\"M2 0a2 2 0 0 0-2 2v2h1.5V2a.5.5 0 0 1 .5-.5h2V0H2Zm2 10.5H2a.5.5 0 0 1-.5-.5V8H0v2a2 2 0 0 0 2 2h2v-1.5ZM8 12v-1.5h2a.5.5 0 0 0 .5-.5V8H12v2a2 2 0 0 1-2 2H8Zm2-12a2 2 0 0 1 2 2v2h-1.5V2a.5.5 0 0 0-.5-.5H8V0h2Z\" \/>\n\t\t\t<\/svg>\n\t\t<\/button><\/figure>\n\n\n\n<p>Seguimos hacia Cala Mijas<\/p>\n\n\n\n<figure data-wp-context=\"{&quot;imageId&quot;:&quot;69f55758717e1&quot;}\" data-wp-interactive=\"core\/image\" data-wp-key=\"69f55758717e1\" class=\"wp-block-image size-large wp-lightbox-container\"><img decoding=\"async\" data-wp-class--hide=\"state.isContentHidden\" data-wp-class--show=\"state.isContentVisible\" data-wp-init=\"callbacks.setButtonStyles\" data-wp-on--click=\"actions.showLightbox\" data-wp-on--load=\"callbacks.setButtonStyles\" data-wp-on-window--resize=\"callbacks.setButtonStyles\" src=\"https:\/\/imagizer.imageshack.com\/img923\/2328\/8yXqgg.png\" alt=\"\"\/><button\n\t\t\tclass=\"lightbox-trigger\"\n\t\t\ttype=\"button\"\n\t\t\taria-haspopup=\"dialog\"\n\t\t\taria-label=\"Agrandar\"\n\t\t\tdata-wp-init=\"callbacks.initTriggerButton\"\n\t\t\tdata-wp-on--click=\"actions.showLightbox\"\n\t\t\tdata-wp-style--right=\"state.imageButtonRight\"\n\t\t\tdata-wp-style--top=\"state.imageButtonTop\"\n\t\t>\n\t\t\t<svg xmlns=\"http:\/\/www.w3.org\/2000\/svg\" width=\"12\" height=\"12\" fill=\"none\" viewBox=\"0 0 12 12\">\n\t\t\t\t<path fill=\"#fff\" d=\"M2 0a2 2 0 0 0-2 2v2h1.5V2a.5.5 0 0 1 .5-.5h2V0H2Zm2 10.5H2a.5.5 0 0 1-.5-.5V8H0v2a2 2 0 0 0 2 2h2v-1.5ZM8 12v-1.5h2a.5.5 0 0 0 .5-.5V8H12v2a2 2 0 0 1-2 2H8Zm2-12a2 2 0 0 1 2 2v2h-1.5V2a.5.5 0 0 0-.5-.5H8V0h2Z\" \/>\n\t\t\t<\/svg>\n\t\t<\/button><\/figure>\n\n\n\n<p><\/p>\n\n\n\n<p>De Cala Mijas a Calahonda:<\/p>\n\n\n\n<figure data-wp-context=\"{&quot;imageId&quot;:&quot;69f5575871ac6&quot;}\" data-wp-interactive=\"core\/image\" data-wp-key=\"69f5575871ac6\" class=\"wp-block-image size-large wp-lightbox-container\"><img decoding=\"async\" data-wp-class--hide=\"state.isContentHidden\" data-wp-class--show=\"state.isContentVisible\" data-wp-init=\"callbacks.setButtonStyles\" data-wp-on--click=\"actions.showLightbox\" data-wp-on--load=\"callbacks.setButtonStyles\" data-wp-on-window--resize=\"callbacks.setButtonStyles\" src=\"https:\/\/imagizer.imageshack.com\/img924\/6122\/L7fePH.png\" alt=\"\"\/><button\n\t\t\tclass=\"lightbox-trigger\"\n\t\t\ttype=\"button\"\n\t\t\taria-haspopup=\"dialog\"\n\t\t\taria-label=\"Agrandar\"\n\t\t\tdata-wp-init=\"callbacks.initTriggerButton\"\n\t\t\tdata-wp-on--click=\"actions.showLightbox\"\n\t\t\tdata-wp-style--right=\"state.imageButtonRight\"\n\t\t\tdata-wp-style--top=\"state.imageButtonTop\"\n\t\t>\n\t\t\t<svg xmlns=\"http:\/\/www.w3.org\/2000\/svg\" width=\"12\" height=\"12\" fill=\"none\" viewBox=\"0 0 12 12\">\n\t\t\t\t<path fill=\"#fff\" d=\"M2 0a2 2 0 0 0-2 2v2h1.5V2a.5.5 0 0 1 .5-.5h2V0H2Zm2 10.5H2a.5.5 0 0 1-.5-.5V8H0v2a2 2 0 0 0 2 2h2v-1.5ZM8 12v-1.5h2a.5.5 0 0 0 .5-.5V8H12v2a2 2 0 0 1-2 2H8Zm2-12a2 2 0 0 1 2 2v2h-1.5V2a.5.5 0 0 0-.5-.5H8V0h2Z\" \/>\n\t\t\t<\/svg>\n\t\t<\/button><\/figure>\n\n\n\n<p><\/p>\n\n\n\n<p>C\u00f3mo se puede ver el trazado es completamente es en t\u00fanel en todo el recorrido pr\u00e1cticamente.<\/p>\n\n\n\n<p>De Calahonda a Las Dunas<\/p>\n\n\n\n<figure data-wp-context=\"{&quot;imageId&quot;:&quot;69f5575871e1c&quot;}\" data-wp-interactive=\"core\/image\" data-wp-key=\"69f5575871e1c\" class=\"wp-block-image size-large wp-lightbox-container\"><img decoding=\"async\" data-wp-class--hide=\"state.isContentHidden\" data-wp-class--show=\"state.isContentVisible\" data-wp-init=\"callbacks.setButtonStyles\" data-wp-on--click=\"actions.showLightbox\" data-wp-on--load=\"callbacks.setButtonStyles\" data-wp-on-window--resize=\"callbacks.setButtonStyles\" src=\"https:\/\/imagizer.imageshack.com\/img924\/4740\/6MNAVf.png\" alt=\"\"\/><button\n\t\t\tclass=\"lightbox-trigger\"\n\t\t\ttype=\"button\"\n\t\t\taria-haspopup=\"dialog\"\n\t\t\taria-label=\"Agrandar\"\n\t\t\tdata-wp-init=\"callbacks.initTriggerButton\"\n\t\t\tdata-wp-on--click=\"actions.showLightbox\"\n\t\t\tdata-wp-style--right=\"state.imageButtonRight\"\n\t\t\tdata-wp-style--top=\"state.imageButtonTop\"\n\t\t>\n\t\t\t<svg xmlns=\"http:\/\/www.w3.org\/2000\/svg\" width=\"12\" height=\"12\" fill=\"none\" viewBox=\"0 0 12 12\">\n\t\t\t\t<path fill=\"#fff\" d=\"M2 0a2 2 0 0 0-2 2v2h1.5V2a.5.5 0 0 1 .5-.5h2V0H2Zm2 10.5H2a.5.5 0 0 1-.5-.5V8H0v2a2 2 0 0 0 2 2h2v-1.5ZM8 12v-1.5h2a.5.5 0 0 0 .5-.5V8H12v2a2 2 0 0 1-2 2H8Zm2-12a2 2 0 0 1 2 2v2h-1.5V2a.5.5 0 0 0-.5-.5H8V0h2Z\" \/>\n\t\t\t<\/svg>\n\t\t<\/button><\/figure>\n\n\n\n<p><\/p>\n\n\n\n<p><\/p>\n\n\n\n<figure data-wp-context=\"{&quot;imageId&quot;:&quot;69f557587210c&quot;}\" data-wp-interactive=\"core\/image\" data-wp-key=\"69f557587210c\" class=\"wp-block-image wp-lightbox-container\"><img decoding=\"async\" data-wp-class--hide=\"state.isContentHidden\" data-wp-class--show=\"state.isContentVisible\" data-wp-init=\"callbacks.setButtonStyles\" data-wp-on--click=\"actions.showLightbox\" data-wp-on--load=\"callbacks.setButtonStyles\" data-wp-on-window--resize=\"callbacks.setButtonStyles\" src=\"http:\/\/img40.imageshack.us\/img40\/2464\/sinulo2l.jpg\" alt=\"\"\/><button\n\t\t\tclass=\"lightbox-trigger\"\n\t\t\ttype=\"button\"\n\t\t\taria-haspopup=\"dialog\"\n\t\t\taria-label=\"Agrandar\"\n\t\t\tdata-wp-init=\"callbacks.initTriggerButton\"\n\t\t\tdata-wp-on--click=\"actions.showLightbox\"\n\t\t\tdata-wp-style--right=\"state.imageButtonRight\"\n\t\t\tdata-wp-style--top=\"state.imageButtonTop\"\n\t\t>\n\t\t\t<svg xmlns=\"http:\/\/www.w3.org\/2000\/svg\" width=\"12\" height=\"12\" fill=\"none\" viewBox=\"0 0 12 12\">\n\t\t\t\t<path fill=\"#fff\" d=\"M2 0a2 2 0 0 0-2 2v2h1.5V2a.5.5 0 0 1 .5-.5h2V0H2Zm2 10.5H2a.5.5 0 0 1-.5-.5V8H0v2a2 2 0 0 0 2 2h2v-1.5ZM8 12v-1.5h2a.5.5 0 0 0 .5-.5V8H12v2a2 2 0 0 1-2 2H8Zm2-12a2 2 0 0 1 2 2v2h-1.5V2a.5.5 0 0 0-.5-.5H8V0h2Z\" \/>\n\t\t\t<\/svg>\n\t\t<\/button><\/figure>\n\n\n\n<figure data-wp-context=\"{&quot;imageId&quot;:&quot;69f5575872385&quot;}\" data-wp-interactive=\"core\/image\" data-wp-key=\"69f5575872385\" class=\"wp-block-image wp-lightbox-container\"><img decoding=\"async\" data-wp-class--hide=\"state.isContentHidden\" data-wp-class--show=\"state.isContentVisible\" data-wp-init=\"callbacks.setButtonStyles\" data-wp-on--click=\"actions.showLightbox\" data-wp-on--load=\"callbacks.setButtonStyles\" data-wp-on-window--resize=\"callbacks.setButtonStyles\" src=\"http:\/\/img269.imageshack.us\/img269\/6693\/sinulo3.jpg\" alt=\"\"\/><button\n\t\t\tclass=\"lightbox-trigger\"\n\t\t\ttype=\"button\"\n\t\t\taria-haspopup=\"dialog\"\n\t\t\taria-label=\"Agrandar\"\n\t\t\tdata-wp-init=\"callbacks.initTriggerButton\"\n\t\t\tdata-wp-on--click=\"actions.showLightbox\"\n\t\t\tdata-wp-style--right=\"state.imageButtonRight\"\n\t\t\tdata-wp-style--top=\"state.imageButtonTop\"\n\t\t>\n\t\t\t<svg xmlns=\"http:\/\/www.w3.org\/2000\/svg\" width=\"12\" height=\"12\" fill=\"none\" viewBox=\"0 0 12 12\">\n\t\t\t\t<path fill=\"#fff\" d=\"M2 0a2 2 0 0 0-2 2v2h1.5V2a.5.5 0 0 1 .5-.5h2V0H2Zm2 10.5H2a.5.5 0 0 1-.5-.5V8H0v2a2 2 0 0 0 2 2h2v-1.5ZM8 12v-1.5h2a.5.5 0 0 0 .5-.5V8H12v2a2 2 0 0 1-2 2H8Zm2-12a2 2 0 0 1 2 2v2h-1.5V2a.5.5 0 0 0-.5-.5H8V0h2Z\" \/>\n\t\t\t<\/svg>\n\t\t<\/button><\/figure>\n\n\n\n<p>Desde San Pedro de Alc\u00e1ntara a B\u00e9namara:<\/p>\n\n\n\n<figure data-wp-context=\"{&quot;imageId&quot;:&quot;69f5575872622&quot;}\" data-wp-interactive=\"core\/image\" data-wp-key=\"69f5575872622\" class=\"wp-block-image size-large wp-lightbox-container\"><img decoding=\"async\" data-wp-class--hide=\"state.isContentHidden\" data-wp-class--show=\"state.isContentVisible\" data-wp-init=\"callbacks.setButtonStyles\" data-wp-on--click=\"actions.showLightbox\" data-wp-on--load=\"callbacks.setButtonStyles\" data-wp-on-window--resize=\"callbacks.setButtonStyles\" src=\"https:\/\/imagizer.imageshack.com\/img924\/85\/IrNNv9.png\" alt=\"\"\/><button\n\t\t\tclass=\"lightbox-trigger\"\n\t\t\ttype=\"button\"\n\t\t\taria-haspopup=\"dialog\"\n\t\t\taria-label=\"Agrandar\"\n\t\t\tdata-wp-init=\"callbacks.initTriggerButton\"\n\t\t\tdata-wp-on--click=\"actions.showLightbox\"\n\t\t\tdata-wp-style--right=\"state.imageButtonRight\"\n\t\t\tdata-wp-style--top=\"state.imageButtonTop\"\n\t\t>\n\t\t\t<svg xmlns=\"http:\/\/www.w3.org\/2000\/svg\" width=\"12\" height=\"12\" fill=\"none\" viewBox=\"0 0 12 12\">\n\t\t\t\t<path fill=\"#fff\" d=\"M2 0a2 2 0 0 0-2 2v2h1.5V2a.5.5 0 0 1 .5-.5h2V0H2Zm2 10.5H2a.5.5 0 0 1-.5-.5V8H0v2a2 2 0 0 0 2 2h2v-1.5ZM8 12v-1.5h2a.5.5 0 0 0 .5-.5V8H12v2a2 2 0 0 1-2 2H8Zm2-12a2 2 0 0 1 2 2v2h-1.5V2a.5.5 0 0 0-.5-.5H8V0h2Z\" \/>\n\t\t\t<\/svg>\n\t\t<\/button><\/figure>\n\n\n\n<p>Desde Benamara nos acercamos a Estepona:<\/p>\n\n\n\n<p><\/p>\n\n\n\n<figure data-wp-context=\"{&quot;imageId&quot;:&quot;69f55758728b7&quot;}\" data-wp-interactive=\"core\/image\" data-wp-key=\"69f55758728b7\" class=\"wp-block-image size-large wp-lightbox-container\"><img decoding=\"async\" data-wp-class--hide=\"state.isContentHidden\" data-wp-class--show=\"state.isContentVisible\" data-wp-init=\"callbacks.setButtonStyles\" data-wp-on--click=\"actions.showLightbox\" data-wp-on--load=\"callbacks.setButtonStyles\" data-wp-on-window--resize=\"callbacks.setButtonStyles\" src=\"https:\/\/imagizer.imageshack.com\/img922\/4315\/1KazTL.png\" alt=\"\"\/><button\n\t\t\tclass=\"lightbox-trigger\"\n\t\t\ttype=\"button\"\n\t\t\taria-haspopup=\"dialog\"\n\t\t\taria-label=\"Agrandar\"\n\t\t\tdata-wp-init=\"callbacks.initTriggerButton\"\n\t\t\tdata-wp-on--click=\"actions.showLightbox\"\n\t\t\tdata-wp-style--right=\"state.imageButtonRight\"\n\t\t\tdata-wp-style--top=\"state.imageButtonTop\"\n\t\t>\n\t\t\t<svg xmlns=\"http:\/\/www.w3.org\/2000\/svg\" width=\"12\" height=\"12\" fill=\"none\" viewBox=\"0 0 12 12\">\n\t\t\t\t<path fill=\"#fff\" d=\"M2 0a2 2 0 0 0-2 2v2h1.5V2a.5.5 0 0 1 .5-.5h2V0H2Zm2 10.5H2a.5.5 0 0 1-.5-.5V8H0v2a2 2 0 0 0 2 2h2v-1.5ZM8 12v-1.5h2a.5.5 0 0 0 .5-.5V8H12v2a2 2 0 0 1-2 2H8Zm2-12a2 2 0 0 1 2 2v2h-1.5V2a.5.5 0 0 0-.5-.5H8V0h2Z\" \/>\n\t\t\t<\/svg>\n\t\t<\/button><\/figure>\n\n\n\n<p><\/p>\n\n\n\n<p>Y el \u00faltimo tramo llegando a Estepona en sus dos estaciones planificadas:<\/p>\n\n\n\n<figure data-wp-context=\"{&quot;imageId&quot;:&quot;69f5575872bbe&quot;}\" data-wp-interactive=\"core\/image\" data-wp-key=\"69f5575872bbe\" class=\"wp-block-image size-large wp-lightbox-container\"><img decoding=\"async\" data-wp-class--hide=\"state.isContentHidden\" data-wp-class--show=\"state.isContentVisible\" data-wp-init=\"callbacks.setButtonStyles\" data-wp-on--click=\"actions.showLightbox\" data-wp-on--load=\"callbacks.setButtonStyles\" data-wp-on-window--resize=\"callbacks.setButtonStyles\" src=\"https:\/\/imagizer.imageshack.com\/img924\/1174\/C7dtFa.png\" alt=\"\"\/><button\n\t\t\tclass=\"lightbox-trigger\"\n\t\t\ttype=\"button\"\n\t\t\taria-haspopup=\"dialog\"\n\t\t\taria-label=\"Agrandar\"\n\t\t\tdata-wp-init=\"callbacks.initTriggerButton\"\n\t\t\tdata-wp-on--click=\"actions.showLightbox\"\n\t\t\tdata-wp-style--right=\"state.imageButtonRight\"\n\t\t\tdata-wp-style--top=\"state.imageButtonTop\"\n\t\t>\n\t\t\t<svg xmlns=\"http:\/\/www.w3.org\/2000\/svg\" width=\"12\" height=\"12\" fill=\"none\" viewBox=\"0 0 12 12\">\n\t\t\t\t<path fill=\"#fff\" d=\"M2 0a2 2 0 0 0-2 2v2h1.5V2a.5.5 0 0 1 .5-.5h2V0H2Zm2 10.5H2a.5.5 0 0 1-.5-.5V8H0v2a2 2 0 0 0 2 2h2v-1.5ZM8 12v-1.5h2a.5.5 0 0 0 .5-.5V8H12v2a2 2 0 0 1-2 2H8Zm2-12a2 2 0 0 1 2 2v2h-1.5V2a.5.5 0 0 0-.5-.5H8V0h2Z\" \/>\n\t\t\t<\/svg>\n\t\t<\/button><\/figure>\n<div id=\"geotr-2454736042\" class=\"geotr-despues-del-contenido geotr-entity-placement\"><script async src=\"\/\/pagead2.googlesyndication.com\/pagead\/js\/adsbygoogle.js?client=ca-pub-8138993744528361\" crossorigin=\"anonymous\"><\/script><ins class=\"adsbygoogle\" style=\"display:inline-block;width:728px;height:90px;\" \ndata-ad-client=\"ca-pub-8138993744528361\" \ndata-ad-slot=\"7686718005\"><\/ins> \n<script> \n(adsbygoogle = window.adsbygoogle || []).push({}); \n<\/script>\n<\/div>","protected":false},"excerpt":{"rendered":"<p>{Nota 2021: Este proyecto est\u00e1 completamente cancelado por la Junta de Andaluc\u00eda que fue el promotor y s\u00f3lo hay un estudio informativo por parte de Fomento del cual no se supo nada m\u00e1s ni sali\u00f3 a informaci\u00f3n p\u00fablica. Hemos querido dejar todos los detalles de este proyecto por dos razones. La primera es dejar clara [&hellip;]<\/p>\n","protected":false},"author":1,"featured_media":0,"comment_status":"open","ping_status":"open","sticky":false,"template":"","format":"standard","meta":{"jetpack_post_was_ever_published":false,"_jetpack_newsletter_access":"","_jetpack_dont_email_post_to_subs":false,"_jetpack_newsletter_tier_id":0,"_jetpack_memberships_contains_paywalled_content":false,"_jetpack_memberships_contains_paid_content":false,"footnotes":"","jetpack_publicize_message":"","jetpack_publicize_feature_enabled":true,"jetpack_social_post_already_shared":false,"jetpack_social_options":{"image_generator_settings":{"template":"highway","default_image_id":0,"font":"","enabled":false},"version":2}},"categories":[33,9,31],"tags":[12,357,358,359,338,360],"class_list":["post-643","post","type-post","status-publish","format-standard","hentry","category-estudio-informativo-infraestructuras","category-infraestructuras","category-renders-y-planos","tag-alta-velocidad","tag-corredor-de-la-costa-del-sol","tag-estepona","tag-fuengirola","tag-malaga","tag-marbella"],"jetpack_publicize_connections":[],"jetpack_featured_media_url":"","jetpack_shortlink":"https:\/\/wp.me\/p2aP3A-an","jetpack_sharing_enabled":true,"jetpack_likes_enabled":true,"_links":{"self":[{"href":"https:\/\/www.geotren.es\/blog\/wp-json\/wp\/v2\/posts\/643","targetHints":{"allow":["GET"]}}],"collection":[{"href":"https:\/\/www.geotren.es\/blog\/wp-json\/wp\/v2\/posts"}],"about":[{"href":"https:\/\/www.geotren.es\/blog\/wp-json\/wp\/v2\/types\/post"}],"author":[{"embeddable":true,"href":"https:\/\/www.geotren.es\/blog\/wp-json\/wp\/v2\/users\/1"}],"replies":[{"embeddable":true,"href":"https:\/\/www.geotren.es\/blog\/wp-json\/wp\/v2\/comments?post=643"}],"version-history":[{"count":4,"href":"https:\/\/www.geotren.es\/blog\/wp-json\/wp\/v2\/posts\/643\/revisions"}],"predecessor-version":[{"id":8247,"href":"https:\/\/www.geotren.es\/blog\/wp-json\/wp\/v2\/posts\/643\/revisions\/8247"}],"wp:attachment":[{"href":"https:\/\/www.geotren.es\/blog\/wp-json\/wp\/v2\/media?parent=643"}],"wp:term":[{"taxonomy":"category","embeddable":true,"href":"https:\/\/www.geotren.es\/blog\/wp-json\/wp\/v2\/categories?post=643"},{"taxonomy":"post_tag","embeddable":true,"href":"https:\/\/www.geotren.es\/blog\/wp-json\/wp\/v2\/tags?post=643"}],"curies":[{"name":"wp","href":"https:\/\/api.w.org\/{rel}","templated":true}]}}