{"id":793,"date":"2011-08-30T09:01:46","date_gmt":"2011-08-30T08:01:46","guid":{"rendered":"http:\/\/trenecicos.wordpress.com\/?p=793"},"modified":"2021-07-23T12:42:48","modified_gmt":"2021-07-23T12:42:48","slug":"aprobacion-del-estudio-informativo-de-la-estacion-de-medina-del-campo","status":"publish","type":"post","link":"https:\/\/www.geotren.es\/blog\/aprobacion-del-estudio-informativo-de-la-estacion-de-medina-del-campo\/","title":{"rendered":"Aprobaci\u00f3n del Estudio Informativo de la Estaci\u00f3n de Medina del Campo"},"content":{"rendered":"\n<p>Se acaba de aprobar definitivamente el Estudio Informativo para la localizaci\u00f3n de la Estaci\u00f3n de Alta Velocidad de Medina del Campo de la LAV a Galicia.<\/p>\n\n\n<iframe loading=\"lazy\" class=\"scribd_iframe_embed\" src=\"https:\/\/www.scribd.com\/embeds\/63558836\/content?start_page=1&view_mode=list&access_key=key-v7s7whggch2jdnlf5m8\"  data-auto-height=\"true\" scrolling=\"no\" id=\"scribd_63558836\" width=\"100%\" height=\"500\" frameborder=\"0\"><\/iframe>\n\t\t<div style=\"font-size:10px;text-align:center;width:100%\"><a href=\"https:\/\/www.scribd.com\/doc\/63558836\" rel=\"noopener noreferrer\" target=\"_blank\">Ver este documento en Scribd<\/a><\/div>\n\n\n\n<p>Gr\u00e1ficamente y del propio estudio informativo:<\/p>\n\n\n\n<figure data-wp-context=\"{&quot;imageId&quot;:&quot;69f47b0cde26e&quot;}\" data-wp-interactive=\"core\/image\" data-wp-key=\"69f47b0cde26e\" class=\"wp-block-image wp-lightbox-container\"><img decoding=\"async\" data-wp-class--hide=\"state.isContentHidden\" data-wp-class--show=\"state.isContentVisible\" data-wp-init=\"callbacks.setButtonStyles\" data-wp-on--click=\"actions.showLightbox\" data-wp-on--load=\"callbacks.setButtonStyles\" data-wp-on-window--resize=\"callbacks.setButtonStyles\" src=\"http:\/\/img163.imageshack.us\/img163\/6227\/img5978l.jpg\" alt=\"\"\/><button\n\t\t\tclass=\"lightbox-trigger\"\n\t\t\ttype=\"button\"\n\t\t\taria-haspopup=\"dialog\"\n\t\t\taria-label=\"Agrandar\"\n\t\t\tdata-wp-init=\"callbacks.initTriggerButton\"\n\t\t\tdata-wp-on--click=\"actions.showLightbox\"\n\t\t\tdata-wp-style--right=\"state.imageButtonRight\"\n\t\t\tdata-wp-style--top=\"state.imageButtonTop\"\n\t\t>\n\t\t\t<svg xmlns=\"http:\/\/www.w3.org\/2000\/svg\" width=\"12\" height=\"12\" fill=\"none\" viewBox=\"0 0 12 12\">\n\t\t\t\t<path fill=\"#fff\" d=\"M2 0a2 2 0 0 0-2 2v2h1.5V2a.5.5 0 0 1 .5-.5h2V0H2Zm2 10.5H2a.5.5 0 0 1-.5-.5V8H0v2a2 2 0 0 0 2 2h2v-1.5ZM8 12v-1.5h2a.5.5 0 0 0 .5-.5V8H12v2a2 2 0 0 1-2 2H8Zm2-12a2 2 0 0 1 2 2v2h-1.5V2a.5.5 0 0 0-.5-.5H8V0h2Z\" \/>\n\t\t\t<\/svg>\n\t\t<\/button><\/figure>\n\n\n\n<p>En este <a href=\"https:\/\/www.geotren.es\/blog\/lav-a-galicia-estacion-de-medina-del-campo\/\" target=\"_blank\" rel=\"noreferrer noopener\">post de este blog<\/a> ven\u00edan detalladas ciertos datos sobre este estudio.<\/p>\n<div id=\"geotr-1386027957\" class=\"geotr-despues-del-contenido geotr-entity-placement\"><script async src=\"\/\/pagead2.googlesyndication.com\/pagead\/js\/adsbygoogle.js?client=ca-pub-8138993744528361\" crossorigin=\"anonymous\"><\/script><ins class=\"adsbygoogle\" style=\"display:inline-block;width:728px;height:90px;\" \ndata-ad-client=\"ca-pub-8138993744528361\" \ndata-ad-slot=\"7686718005\"><\/ins> \n<script> \n(adsbygoogle = window.adsbygoogle || []).push({}); \n<\/script>\n<\/div>","protected":false},"excerpt":{"rendered":"<p>Se acaba de aprobar definitivamente el Estudio Informativo para la localizaci\u00f3n de la Estaci\u00f3n de Alta Velocidad de Medina del Campo de la LAV a Galicia. Gr\u00e1ficamente y del propio estudio informativo: En este post de este blog ven\u00edan detalladas ciertos datos sobre este estudio.<\/p>\n","protected":false},"author":1,"featured_media":0,"comment_status":"open","ping_status":"open","sticky":false,"template":"","format":"standard","meta":{"jetpack_post_was_ever_published":false,"_jetpack_newsletter_access":"","_jetpack_dont_email_post_to_subs":false,"_jetpack_newsletter_tier_id":0,"_jetpack_memberships_contains_paywalled_content":false,"_jetpack_memberships_contains_paid_content":false,"footnotes":"","jetpack_publicize_message":"","jetpack_publicize_feature_enabled":true,"jetpack_social_post_already_shared":false,"jetpack_social_options":{"image_generator_settings":{"template":"highway","default_image_id":0,"font":"","enabled":false},"version":2}},"categories":[33],"tags":[12,410,14,306],"class_list":["post-793","post","type-post","status-publish","format-standard","hentry","category-estudio-informativo-infraestructuras","tag-alta-velocidad","tag-aprobacion","tag-galicia","tag-medina-del-campo"],"jetpack_publicize_connections":[],"jetpack_featured_media_url":"","jetpack_shortlink":"https:\/\/wp.me\/p2aP3A-cN","jetpack_sharing_enabled":true,"jetpack_likes_enabled":true,"_links":{"self":[{"href":"https:\/\/www.geotren.es\/blog\/wp-json\/wp\/v2\/posts\/793","targetHints":{"allow":["GET"]}}],"collection":[{"href":"https:\/\/www.geotren.es\/blog\/wp-json\/wp\/v2\/posts"}],"about":[{"href":"https:\/\/www.geotren.es\/blog\/wp-json\/wp\/v2\/types\/post"}],"author":[{"embeddable":true,"href":"https:\/\/www.geotren.es\/blog\/wp-json\/wp\/v2\/users\/1"}],"replies":[{"embeddable":true,"href":"https:\/\/www.geotren.es\/blog\/wp-json\/wp\/v2\/comments?post=793"}],"version-history":[{"count":1,"href":"https:\/\/www.geotren.es\/blog\/wp-json\/wp\/v2\/posts\/793\/revisions"}],"predecessor-version":[{"id":8336,"href":"https:\/\/www.geotren.es\/blog\/wp-json\/wp\/v2\/posts\/793\/revisions\/8336"}],"wp:attachment":[{"href":"https:\/\/www.geotren.es\/blog\/wp-json\/wp\/v2\/media?parent=793"}],"wp:term":[{"taxonomy":"category","embeddable":true,"href":"https:\/\/www.geotren.es\/blog\/wp-json\/wp\/v2\/categories?post=793"},{"taxonomy":"post_tag","embeddable":true,"href":"https:\/\/www.geotren.es\/blog\/wp-json\/wp\/v2\/tags?post=793"}],"curies":[{"name":"wp","href":"https:\/\/api.w.org\/{rel}","templated":true}]}}