{"id":797,"date":"2011-08-30T13:10:44","date_gmt":"2011-08-30T12:10:44","guid":{"rendered":"http:\/\/trenecicos.wordpress.com\/?p=797"},"modified":"2021-07-23T12:43:29","modified_gmt":"2021-07-23T12:43:29","slug":"y-vasca-nuevas-licitaciones","status":"publish","type":"post","link":"https:\/\/www.geotren.es\/blog\/y-vasca-nuevas-licitaciones\/","title":{"rendered":"Y Vasca : Nuevas licitaciones"},"content":{"rendered":"\n<p>El gobierno vasco acaba de autorizar la licitaci\u00f3n de tres tramos del ramal construido por \u00e9ste de la Y vasca. Son en particular<\/p>\n\n\n\n<ul class=\"wp-block-list\"><li><strong>Ezquio &#8211; Itsazo ( No incluye esta licitaci\u00f3n a la estaci\u00f3n )&nbsp;<\/strong><\/li><li><strong>Zizurkil &#8211; Andoain<\/strong><\/li><li><strong>Hernani &#8211; Astiarraga<\/strong><\/li><\/ul>\n\n\n\n<div>Como indica la siguiente noticia:<\/div>\n\n\n\n<div><iframe loading=\"lazy\" class=\"scribd_iframe_embed\" src=\"https:\/\/www.scribd.com\/embeds\/63566927\/content?start_page=1&view_mode=list&access_key=key-lpd971oq14dq19nc71i\"  data-auto-height=\"true\" scrolling=\"no\" id=\"scribd_63566927\" width=\"100%\" height=\"500\" frameborder=\"0\"><\/iframe>\n\t\t<div style=\"font-size:10px;text-align:center;width:100%\"><a href=\"https:\/\/www.scribd.com\/doc\/63566927\" rel=\"noopener noreferrer\" target=\"_blank\">Ver este documento en Scribd<\/a><\/div><\/div>\n\n\n\n<div>El estado por lo tanto de toda la Y vasca es el siguiente ( pulsar sobre la imagen para verla en grande )<\/div>\n\n\n\n<figure class=\"wp-block-image\"><a href=\"http:\/\/img98.imageshack.us\/img98\/9988\/capturadepantalla201108q.jpg\" target=\"_blank\" rel=\"noopener\"><img decoding=\"async\" src=\"http:\/\/img98.imageshack.us\/img98\/9988\/capturadepantalla201108q.jpg\" alt=\"\"\/><\/a><\/figure>\n\n\n\n<div><\/div>\n\n\n\n<div>Con la siguiente leyenda de colores :<\/div>\n\n\n\n<figure class=\"wp-block-image\"><a href=\"http:\/\/img198.imageshack.us\/img198\/1457\/capturadepantalla201108k.jpg\"><img decoding=\"async\" src=\"http:\/\/img198.imageshack.us\/img198\/1457\/capturadepantalla201108k.jpg\" alt=\"\"\/><\/a><\/figure>\n\n\n\n<div><\/div>\n\n\n\n<div>&nbsp;<\/div>\n\n\n\n<div>&nbsp;<\/div>\n\n\n<div id=\"geotr-387432800\" class=\"geotr-despues-del-contenido geotr-entity-placement\"><script async src=\"\/\/pagead2.googlesyndication.com\/pagead\/js\/adsbygoogle.js?client=ca-pub-8138993744528361\" crossorigin=\"anonymous\"><\/script><ins class=\"adsbygoogle\" style=\"display:inline-block;width:728px;height:90px;\" \ndata-ad-client=\"ca-pub-8138993744528361\" \ndata-ad-slot=\"7686718005\"><\/ins> \n<script> \n(adsbygoogle = window.adsbygoogle || []).push({}); \n<\/script>\n<\/div>","protected":false},"excerpt":{"rendered":"<p>El gobierno vasco acaba de autorizar la licitaci\u00f3n de tres tramos del ramal construido por \u00e9ste de la Y vasca. Son en particular Ezquio &#8211; Itsazo ( No incluye esta licitaci\u00f3n a la estaci\u00f3n )&nbsp; Zizurkil &#8211; Andoain Hernani &#8211; Astiarraga Como indica la siguiente noticia: El estado por lo tanto de toda la Y [&hellip;]<\/p>\n","protected":false},"author":1,"featured_media":0,"comment_status":"open","ping_status":"open","sticky":false,"template":"","format":"standard","meta":{"jetpack_post_was_ever_published":false,"_jetpack_newsletter_access":"","_jetpack_dont_email_post_to_subs":false,"_jetpack_newsletter_tier_id":0,"_jetpack_memberships_contains_paywalled_content":false,"_jetpack_memberships_contains_paid_content":false,"footnotes":"","jetpack_publicize_message":"","jetpack_publicize_feature_enabled":true,"jetpack_social_post_already_shared":false,"jetpack_social_options":{"image_generator_settings":{"template":"highway","default_image_id":0,"font":"","enabled":false},"version":2}},"categories":[16],"tags":[137,411,15,17,50],"class_list":["post-797","post","type-post","status-publish","format-standard","hentry","category-licitacion-de-obra","tag-euskadi","tag-guipuzcoa","tag-licitacion","tag-obra","tag-y-vasca"],"jetpack_publicize_connections":[],"jetpack_featured_media_url":"","jetpack_shortlink":"https:\/\/wp.me\/p2aP3A-cR","jetpack_sharing_enabled":true,"jetpack_likes_enabled":true,"_links":{"self":[{"href":"https:\/\/www.geotren.es\/blog\/wp-json\/wp\/v2\/posts\/797","targetHints":{"allow":["GET"]}}],"collection":[{"href":"https:\/\/www.geotren.es\/blog\/wp-json\/wp\/v2\/posts"}],"about":[{"href":"https:\/\/www.geotren.es\/blog\/wp-json\/wp\/v2\/types\/post"}],"author":[{"embeddable":true,"href":"https:\/\/www.geotren.es\/blog\/wp-json\/wp\/v2\/users\/1"}],"replies":[{"embeddable":true,"href":"https:\/\/www.geotren.es\/blog\/wp-json\/wp\/v2\/comments?post=797"}],"version-history":[{"count":1,"href":"https:\/\/www.geotren.es\/blog\/wp-json\/wp\/v2\/posts\/797\/revisions"}],"predecessor-version":[{"id":8337,"href":"https:\/\/www.geotren.es\/blog\/wp-json\/wp\/v2\/posts\/797\/revisions\/8337"}],"wp:attachment":[{"href":"https:\/\/www.geotren.es\/blog\/wp-json\/wp\/v2\/media?parent=797"}],"wp:term":[{"taxonomy":"category","embeddable":true,"href":"https:\/\/www.geotren.es\/blog\/wp-json\/wp\/v2\/categories?post=797"},{"taxonomy":"post_tag","embeddable":true,"href":"https:\/\/www.geotren.es\/blog\/wp-json\/wp\/v2\/tags?post=797"}],"curies":[{"name":"wp","href":"https:\/\/api.w.org\/{rel}","templated":true}]}}