{"id":935,"date":"2011-09-25T19:47:21","date_gmt":"2011-09-25T18:47:21","guid":{"rendered":"http:\/\/trenecicos.wordpress.com\/?p=935"},"modified":"2021-07-23T18:55:18","modified_gmt":"2021-07-23T18:55:18","slug":"travesia-central-por-los-pirineos-tcp-licitacion-del-estudio-informativo","status":"publish","type":"post","link":"https:\/\/www.geotren.es\/blog\/travesia-central-por-los-pirineos-tcp-licitacion-del-estudio-informativo\/","title":{"rendered":"Traves\u00eda Central por los Pirineos ( TCP ) : Licitaci\u00f3n (fantasma) de Estudios Previos"},"content":{"rendered":"\n<p><\/p>\n\n\n\n<p><strong><span style=\"color:#a30004\" class=\"has-inline-color\">{NOTA 2021: Nunca se supo nada m\u00e1s de esto}<\/span><\/strong><\/p>\n\n\n\n<p><\/p>\n\n\n\n<p>Hace unos meses se licit\u00f3 la redacci\u00f3n del Estudio Informativo para la construcci\u00f3n de la Traves\u00eda Central Pirenaica entre Espa\u00f1a y Francia. Este estudio a\u00fan no est\u00e1 adjudicado, pero como puede verse en la siguiente nota de la licitaci\u00f3n, su adjudicaci\u00f3n est\u00e1 muy cercana:<\/p>\n\n\n<iframe loading=\"lazy\" class=\"scribd_iframe_embed\" src=\"https:\/\/www.scribd.com\/embeds\/66290977\/content?start_page=1&view_mode=list&access_key=key-me8bzwyk12deqmpo8ll\"  data-auto-height=\"true\" scrolling=\"no\" id=\"scribd_66290977\" width=\"100%\" height=\"500\" frameborder=\"0\"><\/iframe>\n\t\t<div style=\"font-size:10px;text-align:center;width:100%\"><a href=\"https:\/\/www.scribd.com\/doc\/66290977\" rel=\"noopener noreferrer\" target=\"_blank\">Ver este documento en Scribd<\/a><\/div>\n\n\n\n<p>Este estudio tiene el siguiente \u00e1mbito:<\/p>\n\n\n\n<blockquote class=\"wp-block-quote is-layout-flow wp-block-quote-is-layout-flow\"><p><em>En virtud de las decisiones adoptadas con ocasi\u00f3n de la <strong>Reuni\u00f3n de Alto Nivel Hispano-Francesa de Zaragoza, de 27.3.2008<\/strong>, el objeto de la AEIE consiste en la realizaci\u00f3n del programa de estudios preliminares, en el periodo 2008-2013, del <strong>proyecto de nuevo eje ferroviario de gran capacidad transpirenaico el cual forma parte&nbsp;del proyecto prioritario no 16: \u00abEje ferroviario de mercanc\u00edas Sines \/ Algeciras \u2013 Madrid \u2013 Par\u00eds\u00bb<\/strong> de la Red Transeuropea de Transportes.<\/em><\/p><p><em>El Programa de Estudios Preliminares deber\u00e1 contemplar un amplio abanico de corredores de trazado a nivel del conjunto del macizo pirenaico con el fin de analizar objetivamente las ventajas e inconvenientes respectivas de las distintas soluciones posibles, de manera que permita<strong> identificar la articulaci\u00f3n del proyecto con la planificaci\u00f3n de las infraestructuras en los dos Estados, y garantizar la mayor seguridad jur\u00eddica posible del eventual procedimiento de debate p\u00fablico en Francia.<\/strong><\/em><br><em> De acuerdo con el objeto de la AEIE TGC Pirineos, el presente contrato tiene como finalidad <strong>definir los flujos y su evoluci\u00f3n bajo diferentes supuestos<\/strong> de desarrollo econ\u00f3mico y de la oferta de infraestructura ferroviaria en el Pirineo.<\/em><br><em> La AEIE licitara el contrato a un grupo de empresa de Francia y de Espa\u00f1a. <strong>Las ofertas deber\u00e1n presentarse con subcontrataciones donde las partes ejecutadas por empresas francesas y espa\u00f1olas est\u00e9n entre un m\u00ednimo del 40 % y un m\u00e1ximo del 60 %.<\/strong><\/em><\/p><p><em>El objeto del presente Contrato es la prestaci\u00f3n de Servicios de Consultor\u00eda y Asistencia a la Asociaci\u00f3n Europea de Inter\u00e9s Econ\u00f3mico Traves\u00eda de Gran Capacidad de los Pirineos, (En adelante AEIE-TGC Pirineos), para la realizaci\u00f3n del Estudio denominado \u00abFlujos de transporte de mercanc\u00edas a trav\u00e9s de los Pirineos. An\u00e1lisis de los flujos y su evoluci\u00f3n bajo diferentes supuestos de desarrollo econ\u00f3mico y de la oferta de infraestructura ferroviaria\u00bb.<\/em><br><em> El estudio se enmarca en el desarrollo de los acuerdos establecidos en las \u00faltimas Cumbres y Seminarios Franco-Espa\u00f1oles, y su objetivo fundamental es el <strong>an\u00e1lisis de los flujos de transporte de mercanc\u00edas que atraviesan la frontera hispano-francesa, tanto en situaci\u00f3n actual como su evoluci\u00f3n bajo diferentes supuestos de desarrollo econ\u00f3mico y de la oferta de infraestructura ferroviaria.<\/strong><\/em><br><em> Para el an\u00e1lisis de la evoluci\u00f3n de los flujos se pondr\u00e1 a disposici\u00f3n del consultor el modelo franco-espa\u00f1ol<\/em><br><em> de transporte de mercanc\u00edas a trav\u00e9s de los Pirineos, desarrollado en las primeras fases por BIPE y posteriormente por EPYPSA\/KP\/NESTEAR en 2008, que, necesariamente, se deber\u00e1 actualizar.<\/em><\/p><\/blockquote>\n\n\n<p>[]<\/p>\n<div id=\"geotr-3516753681\" class=\"geotr-despues-del-contenido geotr-entity-placement\"><script async src=\"\/\/pagead2.googlesyndication.com\/pagead\/js\/adsbygoogle.js?client=ca-pub-8138993744528361\" crossorigin=\"anonymous\"><\/script><ins class=\"adsbygoogle\" style=\"display:inline-block;width:728px;height:90px;\" \ndata-ad-client=\"ca-pub-8138993744528361\" \ndata-ad-slot=\"7686718005\"><\/ins> \n<script> \n(adsbygoogle = window.adsbygoogle || []).push({}); \n<\/script>\n<\/div>","protected":false},"excerpt":{"rendered":"<p>{NOTA 2021: Nunca se supo nada m\u00e1s de esto} Hace unos meses se licit\u00f3 la redacci\u00f3n del Estudio Informativo para la construcci\u00f3n de la Traves\u00eda Central Pirenaica entre Espa\u00f1a y Francia. Este estudio a\u00fan no est\u00e1 adjudicado, pero como puede verse en la siguiente nota de la licitaci\u00f3n, su adjudicaci\u00f3n est\u00e1 muy cercana: Este estudio [&hellip;]<\/p>\n","protected":false},"author":1,"featured_media":0,"comment_status":"open","ping_status":"open","sticky":false,"template":"","format":"standard","meta":{"jetpack_post_was_ever_published":false,"_jetpack_newsletter_access":"","_jetpack_dont_email_post_to_subs":false,"_jetpack_newsletter_tier_id":0,"_jetpack_memberships_contains_paywalled_content":false,"_jetpack_memberships_contains_paid_content":false,"footnotes":"","jetpack_publicize_message":"","jetpack_publicize_feature_enabled":true,"jetpack_social_post_already_shared":false,"jetpack_social_options":{"image_generator_settings":{"template":"highway","default_image_id":0,"font":"","enabled":false},"version":2}},"categories":[6],"tags":[278,74,138,417,422],"class_list":["post-935","post","type-post","status-publish","format-standard","hentry","category-burocracia","tag-corredor-mediterraneo","tag-espana","tag-francia","tag-pirineos","tag-ruta-16"],"jetpack_publicize_connections":[],"jetpack_featured_media_url":"","jetpack_shortlink":"https:\/\/wp.me\/p2aP3A-f5","jetpack_sharing_enabled":true,"jetpack_likes_enabled":true,"_links":{"self":[{"href":"https:\/\/www.geotren.es\/blog\/wp-json\/wp\/v2\/posts\/935","targetHints":{"allow":["GET"]}}],"collection":[{"href":"https:\/\/www.geotren.es\/blog\/wp-json\/wp\/v2\/posts"}],"about":[{"href":"https:\/\/www.geotren.es\/blog\/wp-json\/wp\/v2\/types\/post"}],"author":[{"embeddable":true,"href":"https:\/\/www.geotren.es\/blog\/wp-json\/wp\/v2\/users\/1"}],"replies":[{"embeddable":true,"href":"https:\/\/www.geotren.es\/blog\/wp-json\/wp\/v2\/comments?post=935"}],"version-history":[{"count":1,"href":"https:\/\/www.geotren.es\/blog\/wp-json\/wp\/v2\/posts\/935\/revisions"}],"predecessor-version":[{"id":8386,"href":"https:\/\/www.geotren.es\/blog\/wp-json\/wp\/v2\/posts\/935\/revisions\/8386"}],"wp:attachment":[{"href":"https:\/\/www.geotren.es\/blog\/wp-json\/wp\/v2\/media?parent=935"}],"wp:term":[{"taxonomy":"category","embeddable":true,"href":"https:\/\/www.geotren.es\/blog\/wp-json\/wp\/v2\/categories?post=935"},{"taxonomy":"post_tag","embeddable":true,"href":"https:\/\/www.geotren.es\/blog\/wp-json\/wp\/v2\/tags?post=935"}],"curies":[{"name":"wp","href":"https:\/\/api.w.org\/{rel}","templated":true}]}}