{"id":943,"date":"2011-09-27T19:30:03","date_gmt":"2011-09-27T18:30:03","guid":{"rendered":"http:\/\/trenecicos.wordpress.com\/?p=943"},"modified":"2021-07-23T18:57:05","modified_gmt":"2021-07-23T18:57:05","slug":"la-nueva-a-4-en-despenaperros","status":"publish","type":"post","link":"https:\/\/www.geotren.es\/blog\/la-nueva-a-4-en-despenaperros\/","title":{"rendered":"La nueva A-4 en  Despe\u00f1aperros"},"content":{"rendered":"<p>Interesant\u00edsimo v\u00eddeo del Ministerio de Fomento, sobre la puesta en servicio de la nueva A-4 en la zona de Despe\u00f1aperros :<\/p>\n<p>[youtube=http:\/\/www.youtube.com\/watch?v=DPl4oYlq5t0&amp;w=800]<\/p>\n<div id=\"geotr-3599158234\" class=\"geotr-despues-del-contenido geotr-entity-placement\"><script async src=\"\/\/pagead2.googlesyndication.com\/pagead\/js\/adsbygoogle.js?client=ca-pub-8138993744528361\" crossorigin=\"anonymous\"><\/script><ins class=\"adsbygoogle\" style=\"display:inline-block;width:728px;height:90px;\" \ndata-ad-client=\"ca-pub-8138993744528361\" \ndata-ad-slot=\"7686718005\"><\/ins> \n<script> \n(adsbygoogle = window.adsbygoogle || []).push({}); \n<\/script>\n<\/div>","protected":false},"excerpt":{"rendered":"<p>Interesant\u00edsimo v\u00eddeo del Ministerio de Fomento, sobre la puesta en servicio de la nueva A-4 en la zona de Despe\u00f1aperros : [youtube=http:\/\/www.youtube.com\/watch?v=DPl4oYlq5t0&amp;w=800]<\/p>\n","protected":false},"author":1,"featured_media":0,"comment_status":"open","ping_status":"open","sticky":false,"template":"","format":"standard","meta":{"footnotes":""},"categories":[84],"tags":[28,436,437,228],"class_list":["post-943","post","type-post","status-publish","format-standard","hentry","category-autovias","tag-andalucia","tag-autovia-madrid","tag-castilla-la-mancha","tag-despenaperros"],"_links":{"self":[{"href":"https:\/\/www.geotren.es\/blog\/wp-json\/wp\/v2\/posts\/943","targetHints":{"allow":["GET"]}}],"collection":[{"href":"https:\/\/www.geotren.es\/blog\/wp-json\/wp\/v2\/posts"}],"about":[{"href":"https:\/\/www.geotren.es\/blog\/wp-json\/wp\/v2\/types\/post"}],"author":[{"embeddable":true,"href":"https:\/\/www.geotren.es\/blog\/wp-json\/wp\/v2\/users\/1"}],"replies":[{"embeddable":true,"href":"https:\/\/www.geotren.es\/blog\/wp-json\/wp\/v2\/comments?post=943"}],"version-history":[{"count":2,"href":"https:\/\/www.geotren.es\/blog\/wp-json\/wp\/v2\/posts\/943\/revisions"}],"predecessor-version":[{"id":8388,"href":"https:\/\/www.geotren.es\/blog\/wp-json\/wp\/v2\/posts\/943\/revisions\/8388"}],"wp:attachment":[{"href":"https:\/\/www.geotren.es\/blog\/wp-json\/wp\/v2\/media?parent=943"}],"wp:term":[{"taxonomy":"category","embeddable":true,"href":"https:\/\/www.geotren.es\/blog\/wp-json\/wp\/v2\/categories?post=943"},{"taxonomy":"post_tag","embeddable":true,"href":"https:\/\/www.geotren.es\/blog\/wp-json\/wp\/v2\/tags?post=943"}],"curies":[{"name":"wp","href":"https:\/\/api.w.org\/{rel}","templated":true}]}}